{"id":8233,"date":"2020-06-28T14:53:32","date_gmt":"2020-06-28T13:53:32","guid":{"rendered":"https:\/\/www.mouthiers-sur-boeme.fr\/?p=8233"},"modified":"2020-08-29T08:51:03","modified_gmt":"2020-08-29T07:51:03","slug":"mouthiers-vendredi-10-juillet-de-20h30-a-21h30-derriere-leglise","status":"publish","type":"post","link":"https:\/\/www.mouthiers-sur-boeme.fr\/?p=8233","title":{"rendered":"Vendredi 10 juillet 20h30 derri\u00e8re l&rsquo;\u00e9glise*"},"content":{"rendered":"<p>Pr\u00e9sentation d&rsquo;une nouvelle animation pour l&rsquo;\u00e9t\u00e9 2020, avec la Compagnie Olive de Lux et ses Lectures Vivantes et Effervescentre. Ces deux structures se sont rencontr\u00e9es et ont d\u00e9cid\u00e9 de vous faire partager des d\u00e9gustations olfactives&#8230;.<\/p>\n<p>*Spectacle gratuit. R\u00e9servation obligatoire aupr\u00e8s d&rsquo;Effervescentre \u00e0 partir du 7 juillet 05 45 67 84 38.<\/p>\n<p>40 personnes maximum. Venez avec votre masque.<\/p>\n<p>10 juillet Mouthiers 20h30-21h30 derri\u00e8re l&rsquo;\u00e9glise (salle Gilles Ploquin en cas de pluie) Litt\u00e9rature et Gourmandises.<\/p>\n<p>Que vous soyez sucr\u00e9 ou sal\u00e9, amer ou acidul\u00e9, cette lecture vous emm\u00e8nera au pays des saveurs, des odeurs&#8230; et des souvenirs. Un voyage litt\u00e9raire du Moyen Age \u00e0 nos jours, accompagn\u00e9s par les mots de Baudelaire et Cocteau, en passant par Pierre Dac, Laurent Gaud\u00e9 ou Jacques Pr\u00e9vert et quelques autres&#8230; et diff\u00e9rents personnages pourraient s&rsquo;inviter \u00e0 la f\u00eate.<\/p>\n<p>&nbsp;<\/p>\n<p>Mardi 21 juillet Trois-Palis 20h30-21h30 (Si Pr\u00e9vert m&rsquo;\u00e9tait cont\u00e9)<\/p>\n<p>Jeudi 23 juillet Sireuil 20h30-21h30 (La scie rose jusqu&rsquo;au dernier vers &#8211; voyage en pays surr\u00e9aliste)<\/p>\n<p>Mardi 28 juillet Plassac-Rouffiac 20h30-21h30 (Litt\u00e9rature et Gourmandises)<\/p>\n<p>Mercredi 29 juillet Roullet-Saint-Est\u00e8phe 20h30-21h30 (La scie rose jusqu&rsquo;au dernier vers &#8211; voyage en pays surr\u00e9aliste)<\/p>\n<p>Jeudi 30 juillet Voulz\u00e9gac 20h30-21h30 (Le vin &#8211; Parfun)<\/p>\n","protected":false},"excerpt":{"rendered":"<p>Pr\u00e9sentation d&rsquo;une nouvelle animation pour l&rsquo;\u00e9t\u00e9 2020, avec la Compagnie Olive de Lux et ses Lectures Vivantes et Effervescentre. Ces deux structures se sont rencontr\u00e9es et ont d\u00e9cid\u00e9 de vous faire partager des d\u00e9gustations olfactives&#8230;. *Spectacle gratuit. R\u00e9servation obligatoire aupr\u00e8s d&rsquo;Effervescentre \u00e0 partir du 7 juillet 05 45 67 84 38. 40 personnes maximum. Venez &hellip; <a href=\"https:\/\/www.mouthiers-sur-boeme.fr\/?p=8233\" class=\"more-link\">Continuer la lecture de <span class=\"screen-reader-text\">Vendredi 10 juillet 20h30 derri\u00e8re l&rsquo;\u00e9glise*<\/span>  <span class=\"meta-nav\">&rarr;<\/span><\/a><\/p>\n","protected":false},"author":22,"featured_media":8241,"comment_status":"open","ping_status":"open","sticky":false,"template":"","format":"standard","meta":[],"categories":[83,79,12,82],"tags":[],"_links":{"self":[{"href":"https:\/\/www.mouthiers-sur-boeme.fr\/index.php?rest_route=\/wp\/v2\/posts\/8233"}],"collection":[{"href":"https:\/\/www.mouthiers-sur-boeme.fr\/index.php?rest_route=\/wp\/v2\/posts"}],"about":[{"href":"https:\/\/www.mouthiers-sur-boeme.fr\/index.php?rest_route=\/wp\/v2\/types\/post"}],"author":[{"embeddable":true,"href":"https:\/\/www.mouthiers-sur-boeme.fr\/index.php?rest_route=\/wp\/v2\/users\/22"}],"replies":[{"embeddable":true,"href":"https:\/\/www.mouthiers-sur-boeme.fr\/index.php?rest_route=%2Fwp%2Fv2%2Fcomments&post=8233"}],"version-history":[{"count":4,"href":"https:\/\/www.mouthiers-sur-boeme.fr\/index.php?rest_route=\/wp\/v2\/posts\/8233\/revisions"}],"predecessor-version":[{"id":8242,"href":"https:\/\/www.mouthiers-sur-boeme.fr\/index.php?rest_route=\/wp\/v2\/posts\/8233\/revisions\/8242"}],"wp:featuredmedia":[{"embeddable":true,"href":"https:\/\/www.mouthiers-sur-boeme.fr\/index.php?rest_route=\/wp\/v2\/media\/8241"}],"wp:attachment":[{"href":"https:\/\/www.mouthiers-sur-boeme.fr\/index.php?rest_route=%2Fwp%2Fv2%2Fmedia&parent=8233"}],"wp:term":[{"taxonomy":"category","embeddable":true,"href":"https:\/\/www.mouthiers-sur-boeme.fr\/index.php?rest_route=%2Fwp%2Fv2%2Fcategories&post=8233"},{"taxonomy":"post_tag","embeddable":true,"href":"https:\/\/www.mouthiers-sur-boeme.fr\/index.php?rest_route=%2Fwp%2Fv2%2Ftags&post=8233"}],"curies":[{"name":"wp","href":"https:\/\/api.w.org\/{rel}","templated":true}]}}