{"id":8235,"date":"2020-06-28T15:16:06","date_gmt":"2020-06-28T14:16:06","guid":{"rendered":"https:\/\/www.mouthiers-sur-boeme.fr\/?p=8235"},"modified":"2020-08-29T08:50:00","modified_gmt":"2020-08-29T07:50:00","slug":"marches-des-producteurs-de-pays-2020-17h-a-20h","status":"publish","type":"post","link":"https:\/\/www.mouthiers-sur-boeme.fr\/?p=8235","title":{"rendered":"March\u00e9s des Producteurs de Pays 2020 * 17h \u00e0 20h"},"content":{"rendered":"<ul>\n<li>Nouveau pour l&rsquo;ann\u00e9e 2020 : Pr\u00e9commandez en ligne \u00ab\u00a0www.pensezlocal16.fr\u00a0\u00bb<\/li>\n<\/ul>\n<p><a href=\"https:\/\/www.pensezlocal16.fr\/liste-des-marches\/\" target=\"_blank\" rel=\"noopener\">Pr\u00e9commandez ICI<\/a><\/p>\n<ul>\n<li>Faites votre commande en ligne et venez chercher vos produits le soir du March\u00e9 des Producteurs de Pays.<\/li>\n<li>Respectez les gestes barri\u00e8res et le protocole.<\/li>\n<\/ul>\n<p>Mouthiers verra les jeudi 16 et 30 juillet et jeudi 13 ao\u00fbt revenir les March\u00e9s de Producteurs de Pays. Derri\u00e8re l&rsquo;\u00e9glise comme d&rsquo;habitude. Exceptionnellement 2020 ne verra pas d&rsquo;animation et pas de buvette.<\/p>\n<p>&nbsp;<\/p>\n<p>Merci \u00e0 toutes et tous.<\/p>\n<p>&nbsp;<\/p>\n","protected":false},"excerpt":{"rendered":"<p>Nouveau pour l&rsquo;ann\u00e9e 2020 : Pr\u00e9commandez en ligne \u00ab\u00a0www.pensezlocal16.fr\u00a0\u00bb Pr\u00e9commandez ICI Faites votre commande en ligne et venez chercher vos produits le soir du March\u00e9 des Producteurs de Pays. Respectez les gestes barri\u00e8res et le protocole. Mouthiers verra les jeudi 16 et 30 juillet et jeudi 13 ao\u00fbt revenir les March\u00e9s de Producteurs de Pays. &hellip; <a href=\"https:\/\/www.mouthiers-sur-boeme.fr\/?p=8235\" class=\"more-link\">Continuer la lecture de <span class=\"screen-reader-text\">March\u00e9s des Producteurs de Pays 2020 * 17h \u00e0 20h<\/span>  <span class=\"meta-nav\">&rarr;<\/span><\/a><\/p>\n","protected":false},"author":22,"featured_media":8249,"comment_status":"open","ping_status":"open","sticky":false,"template":"","format":"standard","meta":[],"categories":[12],"tags":[],"_links":{"self":[{"href":"https:\/\/www.mouthiers-sur-boeme.fr\/index.php?rest_route=\/wp\/v2\/posts\/8235"}],"collection":[{"href":"https:\/\/www.mouthiers-sur-boeme.fr\/index.php?rest_route=\/wp\/v2\/posts"}],"about":[{"href":"https:\/\/www.mouthiers-sur-boeme.fr\/index.php?rest_route=\/wp\/v2\/types\/post"}],"author":[{"embeddable":true,"href":"https:\/\/www.mouthiers-sur-boeme.fr\/index.php?rest_route=\/wp\/v2\/users\/22"}],"replies":[{"embeddable":true,"href":"https:\/\/www.mouthiers-sur-boeme.fr\/index.php?rest_route=%2Fwp%2Fv2%2Fcomments&post=8235"}],"version-history":[{"count":3,"href":"https:\/\/www.mouthiers-sur-boeme.fr\/index.php?rest_route=\/wp\/v2\/posts\/8235\/revisions"}],"predecessor-version":[{"id":8250,"href":"https:\/\/www.mouthiers-sur-boeme.fr\/index.php?rest_route=\/wp\/v2\/posts\/8235\/revisions\/8250"}],"wp:featuredmedia":[{"embeddable":true,"href":"https:\/\/www.mouthiers-sur-boeme.fr\/index.php?rest_route=\/wp\/v2\/media\/8249"}],"wp:attachment":[{"href":"https:\/\/www.mouthiers-sur-boeme.fr\/index.php?rest_route=%2Fwp%2Fv2%2Fmedia&parent=8235"}],"wp:term":[{"taxonomy":"category","embeddable":true,"href":"https:\/\/www.mouthiers-sur-boeme.fr\/index.php?rest_route=%2Fwp%2Fv2%2Fcategories&post=8235"},{"taxonomy":"post_tag","embeddable":true,"href":"https:\/\/www.mouthiers-sur-boeme.fr\/index.php?rest_route=%2Fwp%2Fv2%2Ftags&post=8235"}],"curies":[{"name":"wp","href":"https:\/\/api.w.org\/{rel}","templated":true}]}}