{"id":8256,"date":"2020-07-26T05:54:46","date_gmt":"2020-07-26T04:54:46","guid":{"rendered":"https:\/\/www.mouthiers-sur-boeme.fr\/?p=8256"},"modified":"2020-07-26T05:54:46","modified_gmt":"2020-07-26T04:54:46","slug":"marche-de-producteurs-de-pays-30-juillet-17h-20h","status":"publish","type":"post","link":"https:\/\/www.mouthiers-sur-boeme.fr\/?p=8256","title":{"rendered":"March\u00e9 de Producteurs de Pays &#8211; 30 juillet 17h-20h"},"content":{"rendered":"<p>Bonjour,<\/p>\n<p>Information :<\/p>\n<p>Si vous le souhaitez jeudi 30 juillet sur le march\u00e9 de producteurs de pays de Mouthiers, vous pouvez apporter : tables &#8211; chaises &#8211; couverts et couvertures pour pique-niquer. Nous mettrons \u00e0 votre disposition un barbecue. Bonne soir\u00e9e et bon app\u00e9tit.<\/p>\n<p>Pensez \u00e0 la pr\u00e9commande site Chambre Agriculture : www.pensez local16.fr<\/p>\n","protected":false},"excerpt":{"rendered":"<p>Bonjour, Information : Si vous le souhaitez jeudi 30 juillet sur le march\u00e9 de producteurs de pays de Mouthiers, vous pouvez apporter : tables &#8211; chaises &#8211; couverts et couvertures pour pique-niquer. Nous mettrons \u00e0 votre disposition un barbecue. Bonne soir\u00e9e et bon app\u00e9tit. Pensez \u00e0 la pr\u00e9commande site Chambre Agriculture : www.pensez local16.fr<\/p>\n","protected":false},"author":22,"featured_media":0,"comment_status":"open","ping_status":"open","sticky":false,"template":"","format":"standard","meta":[],"categories":[12],"tags":[],"_links":{"self":[{"href":"https:\/\/www.mouthiers-sur-boeme.fr\/index.php?rest_route=\/wp\/v2\/posts\/8256"}],"collection":[{"href":"https:\/\/www.mouthiers-sur-boeme.fr\/index.php?rest_route=\/wp\/v2\/posts"}],"about":[{"href":"https:\/\/www.mouthiers-sur-boeme.fr\/index.php?rest_route=\/wp\/v2\/types\/post"}],"author":[{"embeddable":true,"href":"https:\/\/www.mouthiers-sur-boeme.fr\/index.php?rest_route=\/wp\/v2\/users\/22"}],"replies":[{"embeddable":true,"href":"https:\/\/www.mouthiers-sur-boeme.fr\/index.php?rest_route=%2Fwp%2Fv2%2Fcomments&post=8256"}],"version-history":[{"count":1,"href":"https:\/\/www.mouthiers-sur-boeme.fr\/index.php?rest_route=\/wp\/v2\/posts\/8256\/revisions"}],"predecessor-version":[{"id":8257,"href":"https:\/\/www.mouthiers-sur-boeme.fr\/index.php?rest_route=\/wp\/v2\/posts\/8256\/revisions\/8257"}],"wp:attachment":[{"href":"https:\/\/www.mouthiers-sur-boeme.fr\/index.php?rest_route=%2Fwp%2Fv2%2Fmedia&parent=8256"}],"wp:term":[{"taxonomy":"category","embeddable":true,"href":"https:\/\/www.mouthiers-sur-boeme.fr\/index.php?rest_route=%2Fwp%2Fv2%2Fcategories&post=8256"},{"taxonomy":"post_tag","embeddable":true,"href":"https:\/\/www.mouthiers-sur-boeme.fr\/index.php?rest_route=%2Fwp%2Fv2%2Ftags&post=8256"}],"curies":[{"name":"wp","href":"https:\/\/api.w.org\/{rel}","templated":true}]}}