{"id":8261,"date":"2020-08-04T17:00:26","date_gmt":"2020-08-04T16:00:26","guid":{"rendered":"https:\/\/www.mouthiers-sur-boeme.fr\/?p=8261"},"modified":"2020-08-04T17:00:26","modified_gmt":"2020-08-04T16:00:26","slug":"dernier-marches-de-producteurs-de-pays-13-aout-17h","status":"publish","type":"post","link":"https:\/\/www.mouthiers-sur-boeme.fr\/?p=8261","title":{"rendered":"Dernier march\u00e9s de producteurs de pays 13 ao\u00fbt 17h"},"content":{"rendered":"<p>Bonjour \u00e0 toutes et tous<\/p>\n<p>Jeudi 13 ao\u00fbt dernier march\u00e9 de producteurs de pays \u00e0 Mouthiers. Rendez-vous \u00e0 partir de 17 heures derri\u00e8re l&rsquo;\u00e9glise.<\/p>\n<p>Apportez tables chaises couvertures pour manger sur place. Nous nous occupons du barbecue.<\/p>\n<p>N&rsquo;oubliez le site de la chambre d&rsquo;agriculture : www.pensezlocal16.fr pour pr\u00e9commander.<\/p>\n","protected":false},"excerpt":{"rendered":"<p>Bonjour \u00e0 toutes et tous Jeudi 13 ao\u00fbt dernier march\u00e9 de producteurs de pays \u00e0 Mouthiers. Rendez-vous \u00e0 partir de 17 heures derri\u00e8re l&rsquo;\u00e9glise. Apportez tables chaises couvertures pour manger sur place. Nous nous occupons du barbecue. N&rsquo;oubliez le site de la chambre d&rsquo;agriculture : www.pensezlocal16.fr pour pr\u00e9commander.<\/p>\n","protected":false},"author":22,"featured_media":0,"comment_status":"open","ping_status":"open","sticky":false,"template":"","format":"standard","meta":[],"categories":[1],"tags":[],"_links":{"self":[{"href":"https:\/\/www.mouthiers-sur-boeme.fr\/index.php?rest_route=\/wp\/v2\/posts\/8261"}],"collection":[{"href":"https:\/\/www.mouthiers-sur-boeme.fr\/index.php?rest_route=\/wp\/v2\/posts"}],"about":[{"href":"https:\/\/www.mouthiers-sur-boeme.fr\/index.php?rest_route=\/wp\/v2\/types\/post"}],"author":[{"embeddable":true,"href":"https:\/\/www.mouthiers-sur-boeme.fr\/index.php?rest_route=\/wp\/v2\/users\/22"}],"replies":[{"embeddable":true,"href":"https:\/\/www.mouthiers-sur-boeme.fr\/index.php?rest_route=%2Fwp%2Fv2%2Fcomments&post=8261"}],"version-history":[{"count":1,"href":"https:\/\/www.mouthiers-sur-boeme.fr\/index.php?rest_route=\/wp\/v2\/posts\/8261\/revisions"}],"predecessor-version":[{"id":8262,"href":"https:\/\/www.mouthiers-sur-boeme.fr\/index.php?rest_route=\/wp\/v2\/posts\/8261\/revisions\/8262"}],"wp:attachment":[{"href":"https:\/\/www.mouthiers-sur-boeme.fr\/index.php?rest_route=%2Fwp%2Fv2%2Fmedia&parent=8261"}],"wp:term":[{"taxonomy":"category","embeddable":true,"href":"https:\/\/www.mouthiers-sur-boeme.fr\/index.php?rest_route=%2Fwp%2Fv2%2Fcategories&post=8261"},{"taxonomy":"post_tag","embeddable":true,"href":"https:\/\/www.mouthiers-sur-boeme.fr\/index.php?rest_route=%2Fwp%2Fv2%2Ftags&post=8261"}],"curies":[{"name":"wp","href":"https:\/\/api.w.org\/{rel}","templated":true}]}}