{"id":8273,"date":"2020-08-29T09:22:49","date_gmt":"2020-08-29T08:22:49","guid":{"rendered":"https:\/\/www.mouthiers-sur-boeme.fr\/?p=8273"},"modified":"2020-10-04T09:47:21","modified_gmt":"2020-10-04T08:47:21","slug":"salle-g-ploquin-laventure-des-marguerite","status":"publish","type":"post","link":"https:\/\/www.mouthiers-sur-boeme.fr\/?p=8273","title":{"rendered":"SALLE G.PLOQUIN \u00ab\u00a0L\u2019AVENTURE DES MARGUERITE\u00a0\u00bb17 septembre \u00e0 20h30"},"content":{"rendered":"<header>\n<h1><span style=\"color: #ff0000;\">Afin de pouvoir nous prot\u00e9ger les uns les autres, les s\u00e9ances cin\u00e9ma se font d\u00e9sormais\u00a0<\/span><span style=\"color: #ff0000;\"> salle G.Ploquin. <\/span><\/h1>\n<h1 class=\"crayon article-titre-1656 \">L\u2019AVENTURE DES MARGUERITE<\/h1>\n<div class=\"chapo crayon article-chapo-1656 clearfix\">\n<p>De <strong>Pierre Cor\u00e9<\/strong><br class=\"autobr\" \/> Avec <strong>Lila Gueneau, Alice Pol, Clovis Cornillac<\/strong><br class=\"autobr\" \/> Nationalit\u00e9 <strong>Fran\u00e7ais<\/strong><br class=\"autobr\" \/> Genre <strong> Com\u00e9die<\/strong><br class=\"autobr\" \/> Dur\u00e9e <strong>1h 26<\/strong><\/p>\n<\/div>\n<\/header>\n<hr \/>\n<div class=\"crayon article-texte-1656 clearfix\">\n<p>Marguerite et Margot ont toutes les deux douze ans, avec chacune sa famille, ses copains, ses probl\u00e8mes&#8230; Et son \u00e9poque. Car l\u2019une vit en 1942 et l\u2019autre en 2018. Mais c\u2019est sans compter sur une myst\u00e9rieuse malle magique qui les transporte chacune dans l\u2019\u00e9poque de l\u2019autre. Margot et Marguerite ont un autre point commun\u00a0: leur p\u00e8re n\u2019est plus l\u00e0, disparu en pleine 2\u00e8me Guerre Mondiale ou n\u2019habitant plus \u00e0 la maison. \u00c0 70 ans d\u2019\u00e9cart, elles se lancent dans une grande aventure pour retrouver leurs pr\u00e9sents, explorant l\u2019Histoire, mais aussi la m\u00e9moire de leurs familles<\/p>\n<p><a href=\"https:\/\/www.crcatb.fr\/films-cinema-charente-crcatb\/article\/l-aventure-des-marguerite-1656\" target=\"_blank\" rel=\"noopener\">Bande annonce<\/a><\/p>\n<p><img loading=\"lazy\" class=\"alignnone size-medium wp-image-8275\" src=\"https:\/\/www.mouthiers-sur-boeme.fr\/wp-content\/uploads\/2020\/08\/AffichefilmLaventure-des-Marguerite-214x300.png\" alt=\"\" width=\"214\" height=\"300\" srcset=\"https:\/\/www.mouthiers-sur-boeme.fr\/wp-content\/uploads\/2020\/08\/AffichefilmLaventure-des-Marguerite-214x300.png 214w, https:\/\/www.mouthiers-sur-boeme.fr\/wp-content\/uploads\/2020\/08\/AffichefilmLaventure-des-Marguerite.png 719w\" sizes=\"(max-width: 214px) 100vw, 214px\" \/><\/p>\n<\/div>\n","protected":false},"excerpt":{"rendered":"<p>Afin de pouvoir nous prot\u00e9ger les uns les autres, les s\u00e9ances cin\u00e9ma se font d\u00e9sormais\u00a0 salle G.Ploquin. L\u2019AVENTURE DES MARGUERITE De Pierre Cor\u00e9 Avec Lila Gueneau, Alice Pol, Clovis Cornillac Nationalit\u00e9 Fran\u00e7ais Genre Com\u00e9die Dur\u00e9e 1h 26 Marguerite et Margot ont toutes les deux douze ans, avec chacune sa famille, ses copains, ses probl\u00e8mes&#8230; Et &hellip; <a href=\"https:\/\/www.mouthiers-sur-boeme.fr\/?p=8273\" class=\"more-link\">Continuer la lecture de <span class=\"screen-reader-text\">SALLE G.PLOQUIN \u00ab\u00a0L\u2019AVENTURE DES MARGUERITE\u00a0\u00bb17 septembre \u00e0 20h30<\/span>  <span class=\"meta-nav\">&rarr;<\/span><\/a><\/p>\n","protected":false},"author":22,"featured_media":8274,"comment_status":"open","ping_status":"open","sticky":false,"template":"","format":"standard","meta":[],"categories":[65,71],"tags":[],"_links":{"self":[{"href":"https:\/\/www.mouthiers-sur-boeme.fr\/index.php?rest_route=\/wp\/v2\/posts\/8273"}],"collection":[{"href":"https:\/\/www.mouthiers-sur-boeme.fr\/index.php?rest_route=\/wp\/v2\/posts"}],"about":[{"href":"https:\/\/www.mouthiers-sur-boeme.fr\/index.php?rest_route=\/wp\/v2\/types\/post"}],"author":[{"embeddable":true,"href":"https:\/\/www.mouthiers-sur-boeme.fr\/index.php?rest_route=\/wp\/v2\/users\/22"}],"replies":[{"embeddable":true,"href":"https:\/\/www.mouthiers-sur-boeme.fr\/index.php?rest_route=%2Fwp%2Fv2%2Fcomments&post=8273"}],"version-history":[{"count":2,"href":"https:\/\/www.mouthiers-sur-boeme.fr\/index.php?rest_route=\/wp\/v2\/posts\/8273\/revisions"}],"predecessor-version":[{"id":8285,"href":"https:\/\/www.mouthiers-sur-boeme.fr\/index.php?rest_route=\/wp\/v2\/posts\/8273\/revisions\/8285"}],"wp:featuredmedia":[{"embeddable":true,"href":"https:\/\/www.mouthiers-sur-boeme.fr\/index.php?rest_route=\/wp\/v2\/media\/8274"}],"wp:attachment":[{"href":"https:\/\/www.mouthiers-sur-boeme.fr\/index.php?rest_route=%2Fwp%2Fv2%2Fmedia&parent=8273"}],"wp:term":[{"taxonomy":"category","embeddable":true,"href":"https:\/\/www.mouthiers-sur-boeme.fr\/index.php?rest_route=%2Fwp%2Fv2%2Fcategories&post=8273"},{"taxonomy":"post_tag","embeddable":true,"href":"https:\/\/www.mouthiers-sur-boeme.fr\/index.php?rest_route=%2Fwp%2Fv2%2Ftags&post=8273"}],"curies":[{"name":"wp","href":"https:\/\/api.w.org\/{rel}","templated":true}]}}