{"id":8277,"date":"2020-08-29T09:07:52","date_gmt":"2020-08-29T08:07:52","guid":{"rendered":"https:\/\/www.mouthiers-sur-boeme.fr\/?p=8277"},"modified":"2020-11-21T10:50:26","modified_gmt":"2020-11-21T09:50:26","slug":"assemblee-generale-mjc","status":"publish","type":"post","link":"https:\/\/www.mouthiers-sur-boeme.fr\/?p=8277","title":{"rendered":"ASSEMBL\u00c9E G\u00c9N\u00c9RALE MJC"},"content":{"rendered":"<blockquote>\n<h6><span style=\"color: #333333;\">Nous n&rsquo;avons pu tenir l&rsquo;assembl\u00e9e g\u00e9n\u00e9rale de la MJC le 4 avril dernier pour cause de confinement.<\/span><\/h6>\n<p><span style=\"color: #ff0000;\"><strong>Alors, il est encore temps de venir nous rejoindre et participer activement \u00e0 la vie associative de votre village.<\/strong><\/span><\/p><\/blockquote>\n<h3 style=\"text-align: center;\">Nous vous proposons de nous retrouver<\/h3>\n<h3 style=\"text-align: center;\">le 25 septembre \u00e0 18H<\/h3>\n<h3 style=\"text-align: center;\">Salle Gilles Ploquin<strong><br \/>\n<\/strong><\/h3>\n<p>&nbsp;<\/p>\n<p>Ce sera le moment de faire le point sur toutes nos activit\u00e9s; et avec le COVID<span style=\"color: #333333;\"> il y aura beaucoup \u00e0 dire ! Le bilan financier sera \u00e9galement expos\u00e9.<\/span><\/p>\n<p>Si vous \u00eates int\u00e9ress\u00e9 pour participer \u00e0 notre vie associative, vous serez les bienvenus.<\/p>\n<p>Nous pourrons \u00e9galement prendre les inscriptions aux activit\u00e9s de l&rsquo;ann\u00e9e.<\/p>\n<p>Le bureau de la MJC<\/p>\n<p><a href=\"https:\/\/www.mouthiers-sur-boeme.fr\/wp-content\/uploads\/2020\/08\/Plaquette_MJC_JBerry_20-21_v4.pdf\" target=\"_blank\" rel=\"noopener\">Plaquette MJC JBerry 2020\/21<\/a><\/p>\n","protected":false},"excerpt":{"rendered":"<p>Nous n&rsquo;avons pu tenir l&rsquo;assembl\u00e9e g\u00e9n\u00e9rale de la MJC le 4 avril dernier pour cause de confinement. Alors, il est encore temps de venir nous rejoindre et participer activement \u00e0 la vie associative de votre village. Nous vous proposons de nous retrouver le 25 septembre \u00e0 18H Salle Gilles Ploquin &nbsp; Ce sera le moment &hellip; <a href=\"https:\/\/www.mouthiers-sur-boeme.fr\/?p=8277\" class=\"more-link\">Continuer la lecture de <span class=\"screen-reader-text\">ASSEMBL\u00c9E G\u00c9N\u00c9RALE MJC<\/span>  <span class=\"meta-nav\">&rarr;<\/span><\/a><\/p>\n","protected":false},"author":22,"featured_media":6161,"comment_status":"open","ping_status":"open","sticky":false,"template":"","format":"standard","meta":[],"categories":[71],"tags":[],"_links":{"self":[{"href":"https:\/\/www.mouthiers-sur-boeme.fr\/index.php?rest_route=\/wp\/v2\/posts\/8277"}],"collection":[{"href":"https:\/\/www.mouthiers-sur-boeme.fr\/index.php?rest_route=\/wp\/v2\/posts"}],"about":[{"href":"https:\/\/www.mouthiers-sur-boeme.fr\/index.php?rest_route=\/wp\/v2\/types\/post"}],"author":[{"embeddable":true,"href":"https:\/\/www.mouthiers-sur-boeme.fr\/index.php?rest_route=\/wp\/v2\/users\/22"}],"replies":[{"embeddable":true,"href":"https:\/\/www.mouthiers-sur-boeme.fr\/index.php?rest_route=%2Fwp%2Fv2%2Fcomments&post=8277"}],"version-history":[{"count":2,"href":"https:\/\/www.mouthiers-sur-boeme.fr\/index.php?rest_route=\/wp\/v2\/posts\/8277\/revisions"}],"predecessor-version":[{"id":8314,"href":"https:\/\/www.mouthiers-sur-boeme.fr\/index.php?rest_route=\/wp\/v2\/posts\/8277\/revisions\/8314"}],"wp:featuredmedia":[{"embeddable":true,"href":"https:\/\/www.mouthiers-sur-boeme.fr\/index.php?rest_route=\/wp\/v2\/media\/6161"}],"wp:attachment":[{"href":"https:\/\/www.mouthiers-sur-boeme.fr\/index.php?rest_route=%2Fwp%2Fv2%2Fmedia&parent=8277"}],"wp:term":[{"taxonomy":"category","embeddable":true,"href":"https:\/\/www.mouthiers-sur-boeme.fr\/index.php?rest_route=%2Fwp%2Fv2%2Fcategories&post=8277"},{"taxonomy":"post_tag","embeddable":true,"href":"https:\/\/www.mouthiers-sur-boeme.fr\/index.php?rest_route=%2Fwp%2Fv2%2Ftags&post=8277"}],"curies":[{"name":"wp","href":"https:\/\/api.w.org\/{rel}","templated":true}]}}