{"id":8279,"date":"2020-08-29T09:18:30","date_gmt":"2020-08-29T08:18:30","guid":{"rendered":"https:\/\/www.mouthiers-sur-boeme.fr\/?p=8279"},"modified":"2020-09-05T08:25:17","modified_gmt":"2020-09-05T07:25:17","slug":"reouverture-du-local-du-secours-populaire","status":"publish","type":"post","link":"https:\/\/www.mouthiers-sur-boeme.fr\/?p=8279","title":{"rendered":"R\u00e9ouverture du local du SECOURS POPULAIRE"},"content":{"rendered":"<p>Le Comit\u00e9 du Secours Populaire de Mouthiers sur Bo\u00ebme a \u00e9t\u00e9 tr\u00e8s perturb\u00e9 dans ses activit\u00e9s habituelles par le COVID 19,\u00a0notre local \u00e9tait ferm\u00e9 le <span id=\"OBJ_PREFIX_DWT86_com_zimbra_date\" class=\"Object\" role=\"link\">samedi<\/span> matin. Pourtant,\u00a0 chaque fois que nous avons eu une demande d&rsquo;aide, nous avons r\u00e9pondu favorablement.<\/p>\n<h4 style=\"text-align: center;\"><span style=\"color: #ff0000;\"><strong>R\u00e9ouverture du local<\/strong><\/span><\/h4>\n<h4 style=\"text-align: center;\"><span style=\"color: #ff0000;\"><strong>le 5 septembre de 10h \u00e0 12H<\/strong><\/span><\/h4>\n<p>Bien s\u00fbr le masque sera obligatoire ainsi que le gel.<\/p>\n<p>2 personnes maximum seront autoris\u00e9es \u00e0 rentrer au local simultan\u00e9ment.<\/p>\n<h4 style=\"text-align: center;\"><span style=\"color: #ff0000;\"><strong>Le 19 septembre\u00a0 grand d\u00e9ballage sur tout notre stock de 10H \u00e0 13H.<\/strong><\/span><\/h4>\n<p>Un grand merci pour vos nombreux dons pendant le confinement et \u00e0 bient\u00f4t au 57 rue de la Bo\u00ebme.<\/p>\n","protected":false},"excerpt":{"rendered":"<p>Le Comit\u00e9 du Secours Populaire de Mouthiers sur Bo\u00ebme a \u00e9t\u00e9 tr\u00e8s perturb\u00e9 dans ses activit\u00e9s habituelles par le COVID 19,\u00a0notre local \u00e9tait ferm\u00e9 le samedi matin. Pourtant,\u00a0 chaque fois que nous avons eu une demande d&rsquo;aide, nous avons r\u00e9pondu favorablement. R\u00e9ouverture du local le 5 septembre de 10h \u00e0 12H Bien s\u00fbr le masque &hellip; <a href=\"https:\/\/www.mouthiers-sur-boeme.fr\/?p=8279\" class=\"more-link\">Continuer la lecture de <span class=\"screen-reader-text\">R\u00e9ouverture du local du SECOURS POPULAIRE<\/span>  <span class=\"meta-nav\">&rarr;<\/span><\/a><\/p>\n","protected":false},"author":22,"featured_media":7839,"comment_status":"open","ping_status":"open","sticky":false,"template":"","format":"standard","meta":[],"categories":[84,14],"tags":[],"_links":{"self":[{"href":"https:\/\/www.mouthiers-sur-boeme.fr\/index.php?rest_route=\/wp\/v2\/posts\/8279"}],"collection":[{"href":"https:\/\/www.mouthiers-sur-boeme.fr\/index.php?rest_route=\/wp\/v2\/posts"}],"about":[{"href":"https:\/\/www.mouthiers-sur-boeme.fr\/index.php?rest_route=\/wp\/v2\/types\/post"}],"author":[{"embeddable":true,"href":"https:\/\/www.mouthiers-sur-boeme.fr\/index.php?rest_route=\/wp\/v2\/users\/22"}],"replies":[{"embeddable":true,"href":"https:\/\/www.mouthiers-sur-boeme.fr\/index.php?rest_route=%2Fwp%2Fv2%2Fcomments&post=8279"}],"version-history":[{"count":1,"href":"https:\/\/www.mouthiers-sur-boeme.fr\/index.php?rest_route=\/wp\/v2\/posts\/8279\/revisions"}],"predecessor-version":[{"id":8280,"href":"https:\/\/www.mouthiers-sur-boeme.fr\/index.php?rest_route=\/wp\/v2\/posts\/8279\/revisions\/8280"}],"wp:featuredmedia":[{"embeddable":true,"href":"https:\/\/www.mouthiers-sur-boeme.fr\/index.php?rest_route=\/wp\/v2\/media\/7839"}],"wp:attachment":[{"href":"https:\/\/www.mouthiers-sur-boeme.fr\/index.php?rest_route=%2Fwp%2Fv2%2Fmedia&parent=8279"}],"wp:term":[{"taxonomy":"category","embeddable":true,"href":"https:\/\/www.mouthiers-sur-boeme.fr\/index.php?rest_route=%2Fwp%2Fv2%2Fcategories&post=8279"},{"taxonomy":"post_tag","embeddable":true,"href":"https:\/\/www.mouthiers-sur-boeme.fr\/index.php?rest_route=%2Fwp%2Fv2%2Ftags&post=8279"}],"curies":[{"name":"wp","href":"https:\/\/api.w.org\/{rel}","templated":true}]}}