{"id":8281,"date":"2020-08-29T08:29:01","date_gmt":"2020-08-29T07:29:01","guid":{"rendered":"https:\/\/www.mouthiers-sur-boeme.fr\/?p=8281"},"modified":"2020-10-28T17:37:03","modified_gmt":"2020-10-28T16:37:03","slug":"1er-octobre-salle-g-ploquin","status":"publish","type":"post","link":"https:\/\/www.mouthiers-sur-boeme.fr\/?p=8281","title":{"rendered":"1er octobre salle G.Ploquin 20h30"},"content":{"rendered":"<header>\n<h1 class=\"crayon article-titre-1662 \">PETIT PAYS<\/h1>\n<div class=\"chapo crayon article-chapo-1662 clearfix\">\n<p>De<strong> Eric Barbier<\/strong><br class=\"autobr\" \/> Avec <strong>Jean-Paul Rouve, Djibril Vancoppenolle, Dayla De Medina<\/strong><br class=\"autobr\" \/> Nationalit\u00e9s <strong>Fran\u00e7ais, Belge<\/strong><br class=\"autobr\" \/> Genre <strong>Drame<\/strong><br class=\"autobr\" \/> Dur\u00e9e <strong>1h 53<\/strong><\/p>\n<\/div>\n<\/header>\n<hr \/>\n<div class=\"crayon article-texte-1662 clearfix\">\n<p>Gabriel, dix ans, vit dans un confortable quartier d\u2019ex-pat. Au Burundi, son \u201cpetit pays\u201d. Gabriel est un enfant normal, heureux, insouciant et ayant des aventures avec ses amis et sa petite s\u0153ur. Puis, en 1993, les tensions au Rwanda voisin d\u00e9bordent, mena\u00e7ant sa famille et son innocence.<\/p>\n<p><a href=\"https:\/\/www.crcatb.fr\/films-cinema-charente-crcatb\/article\/petit-pays\" target=\"_blank\" rel=\"noopener\">Bande annonce<\/a><\/p>\n<\/div>\n","protected":false},"excerpt":{"rendered":"<p>PETIT PAYS De Eric Barbier Avec Jean-Paul Rouve, Djibril Vancoppenolle, Dayla De Medina Nationalit\u00e9s Fran\u00e7ais, Belge Genre Drame Dur\u00e9e 1h 53 Gabriel, dix ans, vit dans un confortable quartier d\u2019ex-pat. Au Burundi, son \u201cpetit pays\u201d. Gabriel est un enfant normal, heureux, insouciant et ayant des aventures avec ses amis et sa petite s\u0153ur. Puis, en &hellip; <a href=\"https:\/\/www.mouthiers-sur-boeme.fr\/?p=8281\" class=\"more-link\">Continuer la lecture de <span class=\"screen-reader-text\">1er octobre salle G.Ploquin 20h30<\/span>  <span class=\"meta-nav\">&rarr;<\/span><\/a><\/p>\n","protected":false},"author":22,"featured_media":0,"comment_status":"open","ping_status":"open","sticky":false,"template":"","format":"standard","meta":[],"categories":[65,71],"tags":[],"_links":{"self":[{"href":"https:\/\/www.mouthiers-sur-boeme.fr\/index.php?rest_route=\/wp\/v2\/posts\/8281"}],"collection":[{"href":"https:\/\/www.mouthiers-sur-boeme.fr\/index.php?rest_route=\/wp\/v2\/posts"}],"about":[{"href":"https:\/\/www.mouthiers-sur-boeme.fr\/index.php?rest_route=\/wp\/v2\/types\/post"}],"author":[{"embeddable":true,"href":"https:\/\/www.mouthiers-sur-boeme.fr\/index.php?rest_route=\/wp\/v2\/users\/22"}],"replies":[{"embeddable":true,"href":"https:\/\/www.mouthiers-sur-boeme.fr\/index.php?rest_route=%2Fwp%2Fv2%2Fcomments&post=8281"}],"version-history":[{"count":2,"href":"https:\/\/www.mouthiers-sur-boeme.fr\/index.php?rest_route=\/wp\/v2\/posts\/8281\/revisions"}],"predecessor-version":[{"id":8284,"href":"https:\/\/www.mouthiers-sur-boeme.fr\/index.php?rest_route=\/wp\/v2\/posts\/8281\/revisions\/8284"}],"wp:attachment":[{"href":"https:\/\/www.mouthiers-sur-boeme.fr\/index.php?rest_route=%2Fwp%2Fv2%2Fmedia&parent=8281"}],"wp:term":[{"taxonomy":"category","embeddable":true,"href":"https:\/\/www.mouthiers-sur-boeme.fr\/index.php?rest_route=%2Fwp%2Fv2%2Fcategories&post=8281"},{"taxonomy":"post_tag","embeddable":true,"href":"https:\/\/www.mouthiers-sur-boeme.fr\/index.php?rest_route=%2Fwp%2Fv2%2Ftags&post=8281"}],"curies":[{"name":"wp","href":"https:\/\/api.w.org\/{rel}","templated":true}]}}