{"id":8291,"date":"2020-09-05T08:24:51","date_gmt":"2020-09-05T07:24:51","guid":{"rendered":"https:\/\/www.mouthiers-sur-boeme.fr\/?p=8291"},"modified":"2020-11-16T18:14:30","modified_gmt":"2020-11-16T17:14:30","slug":"au-fil-du-conte-je-msuis-fait-tout-petit-par-j-metegnier-et-s-cohen-hadria","status":"publish","type":"post","link":"https:\/\/www.mouthiers-sur-boeme.fr\/?p=8291","title":{"rendered":"\u00ab\u00a0Je m&rsquo;suis fait tout petit\u00a0\u00bb Cie LE CHAT PERPLEXE"},"content":{"rendered":"<div style=\"text-align: center;\"><span style=\"font-size: x-large;\"><strong>Vendredi 25 Septembre \u00e0 20h30<br \/>\n<\/strong><\/span><\/div>\n<div style=\"text-align: center;\"><span style=\"font-size: x-large;\"><strong>\u00e0 la Salle Gilles Ploquin de Mouthiers<\/strong><\/span><\/div>\n<p>&nbsp;<\/p>\n<p style=\"text-align: center;\"><em>Qu&rsquo;elle soit petite ou grande, classique ou populaire, la musique est un chemin ouvert \u00e0 tous, Jean M\u00e9t\u00e9gnier et Stella Cohen Hadria vont en faire la d\u00e9monstration joyeuse. Avec l&rsquo;\u00e9nergie folle de ceux qui osent tout bousculer, ils m\u00ealent compositions originales et chansons de Georges Brassens (tr\u00e8s librement r\u00e9invent\u00e9es) ! En direct d&rsquo;une vraie-fausse \u00e9mission de radio, ils ne se privent d&rsquo;ailleurs pas d&rsquo;inviter M. Georges Brassens \u00e0 s&rsquo;exprimer sur le sujet.<\/em><\/p>\n<p style=\"text-align: center;\"><strong>Spectacle tout public \u00e0 partir de 8 ans. Dur\u00e9e 1h. Gratuit. Places limit\u00e9es. R\u00e9servation obligatoire.<\/strong><\/p>\n<p style=\"text-align: center;\"><span style=\"color: #0000ff;\"><em><strong>M\u00e9diath\u00e8que de Mouthiers-sur-Bo\u00ebme<br \/>\n3 Place Petite Rosselle<br \/>\n16440 Mouthiers-sur-Bo\u00ebme<br \/>\n05 45 67 89 47<\/strong><\/em><\/span><\/p>\n<p style=\"text-align: center;\"><strong> Port du masque obligatoire pour les adultes et les enfants \u00e0 partir de 11 ans.<\/strong><\/p>\n<p><a href=\"https:\/\/www.mouthiers-sur-boeme.fr\/wp-content\/uploads\/2020\/09\/1911-chat-brassens8948-16.jpg\"><img loading=\"lazy\" class=\"alignnone size-full wp-image-8292\" src=\"https:\/\/www.mouthiers-sur-boeme.fr\/wp-content\/uploads\/2020\/09\/1911-chat-brassens8948-16.jpg\" alt=\"\" width=\"1600\" height=\"1068\" srcset=\"https:\/\/www.mouthiers-sur-boeme.fr\/wp-content\/uploads\/2020\/09\/1911-chat-brassens8948-16.jpg 1600w, https:\/\/www.mouthiers-sur-boeme.fr\/wp-content\/uploads\/2020\/09\/1911-chat-brassens8948-16-300x200.jpg 300w, https:\/\/www.mouthiers-sur-boeme.fr\/wp-content\/uploads\/2020\/09\/1911-chat-brassens8948-16-768x513.jpg 768w, https:\/\/www.mouthiers-sur-boeme.fr\/wp-content\/uploads\/2020\/09\/1911-chat-brassens8948-16-1024x684.jpg 1024w\" sizes=\"(max-width: 1600px) 100vw, 1600px\" \/><\/a><\/p>\n<p style=\"text-align: center;\"><strong><a href=\"https:\/\/www.lechatperplexe.com\/je-msuis-fait-tout-ptit-new\/\" target=\"_blank\" rel=\"noopener\">SITE le chat perplexe ICI<\/a>\u00a0<\/strong><\/p>\n","protected":false},"excerpt":{"rendered":"<p>Vendredi 25 Septembre \u00e0 20h30 \u00e0 la Salle Gilles Ploquin de Mouthiers &nbsp; Qu&rsquo;elle soit petite ou grande, classique ou populaire, la musique est un chemin ouvert \u00e0 tous, Jean M\u00e9t\u00e9gnier et Stella Cohen Hadria vont en faire la d\u00e9monstration joyeuse. Avec l&rsquo;\u00e9nergie folle de ceux qui osent tout bousculer, ils m\u00ealent compositions originales et &hellip; <a href=\"https:\/\/www.mouthiers-sur-boeme.fr\/?p=8291\" class=\"more-link\">Continuer la lecture de <span class=\"screen-reader-text\">\u00ab\u00a0Je m&rsquo;suis fait tout petit\u00a0\u00bb Cie LE CHAT PERPLEXE<\/span>  <span class=\"meta-nav\">&rarr;<\/span><\/a><\/p>\n","protected":false},"author":22,"featured_media":8307,"comment_status":"open","ping_status":"open","sticky":false,"template":"","format":"standard","meta":[],"categories":[20,82],"tags":[],"_links":{"self":[{"href":"https:\/\/www.mouthiers-sur-boeme.fr\/index.php?rest_route=\/wp\/v2\/posts\/8291"}],"collection":[{"href":"https:\/\/www.mouthiers-sur-boeme.fr\/index.php?rest_route=\/wp\/v2\/posts"}],"about":[{"href":"https:\/\/www.mouthiers-sur-boeme.fr\/index.php?rest_route=\/wp\/v2\/types\/post"}],"author":[{"embeddable":true,"href":"https:\/\/www.mouthiers-sur-boeme.fr\/index.php?rest_route=\/wp\/v2\/users\/22"}],"replies":[{"embeddable":true,"href":"https:\/\/www.mouthiers-sur-boeme.fr\/index.php?rest_route=%2Fwp%2Fv2%2Fcomments&post=8291"}],"version-history":[{"count":6,"href":"https:\/\/www.mouthiers-sur-boeme.fr\/index.php?rest_route=\/wp\/v2\/posts\/8291\/revisions"}],"predecessor-version":[{"id":8305,"href":"https:\/\/www.mouthiers-sur-boeme.fr\/index.php?rest_route=\/wp\/v2\/posts\/8291\/revisions\/8305"}],"wp:featuredmedia":[{"embeddable":true,"href":"https:\/\/www.mouthiers-sur-boeme.fr\/index.php?rest_route=\/wp\/v2\/media\/8307"}],"wp:attachment":[{"href":"https:\/\/www.mouthiers-sur-boeme.fr\/index.php?rest_route=%2Fwp%2Fv2%2Fmedia&parent=8291"}],"wp:term":[{"taxonomy":"category","embeddable":true,"href":"https:\/\/www.mouthiers-sur-boeme.fr\/index.php?rest_route=%2Fwp%2Fv2%2Fcategories&post=8291"},{"taxonomy":"post_tag","embeddable":true,"href":"https:\/\/www.mouthiers-sur-boeme.fr\/index.php?rest_route=%2Fwp%2Fv2%2Ftags&post=8291"}],"curies":[{"name":"wp","href":"https:\/\/api.w.org\/{rel}","templated":true}]}}