{"id":8294,"date":"2020-09-05T08:11:47","date_gmt":"2020-09-05T07:11:47","guid":{"rendered":"https:\/\/www.mouthiers-sur-boeme.fr\/?p=8294"},"modified":"2020-09-05T08:45:53","modified_gmt":"2020-09-05T07:45:53","slug":"spectacle-au-fil-du-conte-aglagla-contes-sortis-du-frigo-par-christel-delpeyroux","status":"publish","type":"post","link":"https:\/\/www.mouthiers-sur-boeme.fr\/?p=8294","title":{"rendered":"Aglagla, contes sortis du frigo par Christel Delpeyroux"},"content":{"rendered":"<p style=\"text-align: center;\"><span style=\"font-size: x-large;\"><strong>Mercredi 30 Septembre \u00e0 18h \u00e0 la <\/strong><\/span><span style=\"font-size: x-large;\"><strong>Salle des F\u00eates de Trois-Palis<\/strong><\/span><\/p>\n<p>&nbsp;<\/p>\n<p style=\"text-align: center;\"><em>Cette nuit-l\u00e0, quand Th\u00e9o a ouvert la porte du frigo, il y a fait une dr\u00f4le de rencontre. Il fait frisquet dans ces contes-l\u00e0 ! Les ours ont froid aux pattes, le ventre des petits gloutons gargouille, le nez des sorci\u00e8res g\u00e8le. Mais tant qu\u2019on a le c\u0153ur chaud\u2026 Et ce n\u2019est pas Aglagla qui vous dira le contraire !<\/em><\/p>\n<p>&nbsp;<\/p>\n<p style=\"text-align: center;\"><strong>Spectacle tout public \u00e0 partir de 6 ans. Dur\u00e9e 45 minutes. Gratuit. Places limit\u00e9es. R\u00e9servation obligatoire. Port du masque obligatoire pour les adultes et les enfants \u00e0 partir de 11 ans.<\/strong><\/p>\n<p><a href=\"https:\/\/www.mouthiers-sur-boeme.fr\/wp-content\/uploads\/2020\/09\/Christel-Delpeyroux-c-C.-Colin-2.jpg\"><img loading=\"lazy\" class=\"alignnone size-full wp-image-8295\" src=\"https:\/\/www.mouthiers-sur-boeme.fr\/wp-content\/uploads\/2020\/09\/Christel-Delpeyroux-c-C.-Colin-2.jpg\" alt=\"\" width=\"1200\" height=\"1651\" srcset=\"https:\/\/www.mouthiers-sur-boeme.fr\/wp-content\/uploads\/2020\/09\/Christel-Delpeyroux-c-C.-Colin-2.jpg 1200w, https:\/\/www.mouthiers-sur-boeme.fr\/wp-content\/uploads\/2020\/09\/Christel-Delpeyroux-c-C.-Colin-2-218x300.jpg 218w, https:\/\/www.mouthiers-sur-boeme.fr\/wp-content\/uploads\/2020\/09\/Christel-Delpeyroux-c-C.-Colin-2-768x1057.jpg 768w, https:\/\/www.mouthiers-sur-boeme.fr\/wp-content\/uploads\/2020\/09\/Christel-Delpeyroux-c-C.-Colin-2-744x1024.jpg 744w\" sizes=\"(max-width: 1200px) 100vw, 1200px\" \/><\/a><\/p>\n<p><a href=\"http:\/\/www.christel-delpeyroux.fr\/index.php?file=News\" target=\"_blank\" rel=\"noopener\">Site Christel Delpeyroux<\/a><\/p>\n","protected":false},"excerpt":{"rendered":"<p>Mercredi 30 Septembre \u00e0 18h \u00e0 la Salle des F\u00eates de Trois-Palis &nbsp; Cette nuit-l\u00e0, quand Th\u00e9o a ouvert la porte du frigo, il y a fait une dr\u00f4le de rencontre. Il fait frisquet dans ces contes-l\u00e0 ! Les ours ont froid aux pattes, le ventre des petits gloutons gargouille, le nez des sorci\u00e8res g\u00e8le. &hellip; <a href=\"https:\/\/www.mouthiers-sur-boeme.fr\/?p=8294\" class=\"more-link\">Continuer la lecture de <span class=\"screen-reader-text\">Aglagla, contes sortis du frigo par Christel Delpeyroux<\/span>  <span class=\"meta-nav\">&rarr;<\/span><\/a><\/p>\n","protected":false},"author":22,"featured_media":8307,"comment_status":"open","ping_status":"open","sticky":false,"template":"","format":"standard","meta":[],"categories":[20,82],"tags":[],"_links":{"self":[{"href":"https:\/\/www.mouthiers-sur-boeme.fr\/index.php?rest_route=\/wp\/v2\/posts\/8294"}],"collection":[{"href":"https:\/\/www.mouthiers-sur-boeme.fr\/index.php?rest_route=\/wp\/v2\/posts"}],"about":[{"href":"https:\/\/www.mouthiers-sur-boeme.fr\/index.php?rest_route=\/wp\/v2\/types\/post"}],"author":[{"embeddable":true,"href":"https:\/\/www.mouthiers-sur-boeme.fr\/index.php?rest_route=\/wp\/v2\/users\/22"}],"replies":[{"embeddable":true,"href":"https:\/\/www.mouthiers-sur-boeme.fr\/index.php?rest_route=%2Fwp%2Fv2%2Fcomments&post=8294"}],"version-history":[{"count":4,"href":"https:\/\/www.mouthiers-sur-boeme.fr\/index.php?rest_route=\/wp\/v2\/posts\/8294\/revisions"}],"predecessor-version":[{"id":8308,"href":"https:\/\/www.mouthiers-sur-boeme.fr\/index.php?rest_route=\/wp\/v2\/posts\/8294\/revisions\/8308"}],"wp:featuredmedia":[{"embeddable":true,"href":"https:\/\/www.mouthiers-sur-boeme.fr\/index.php?rest_route=\/wp\/v2\/media\/8307"}],"wp:attachment":[{"href":"https:\/\/www.mouthiers-sur-boeme.fr\/index.php?rest_route=%2Fwp%2Fv2%2Fmedia&parent=8294"}],"wp:term":[{"taxonomy":"category","embeddable":true,"href":"https:\/\/www.mouthiers-sur-boeme.fr\/index.php?rest_route=%2Fwp%2Fv2%2Fcategories&post=8294"},{"taxonomy":"post_tag","embeddable":true,"href":"https:\/\/www.mouthiers-sur-boeme.fr\/index.php?rest_route=%2Fwp%2Fv2%2Ftags&post=8294"}],"curies":[{"name":"wp","href":"https:\/\/api.w.org\/{rel}","templated":true}]}}