{"id":8354,"date":"2020-11-16T18:14:03","date_gmt":"2020-11-16T17:14:03","guid":{"rendered":"https:\/\/www.mouthiers-sur-boeme.fr\/?p=8354"},"modified":"2020-12-05T09:37:14","modified_gmt":"2020-12-05T08:37:14","slug":"budget-participatif-charentais","status":"publish","type":"post","link":"https:\/\/www.mouthiers-sur-boeme.fr\/?p=8354","title":{"rendered":"Budget participatif Charentais"},"content":{"rendered":"<p>Le d\u00e9pouillement des diff\u00e9rentes\u00a0urnes\u00a0qui \u00e9taient r\u00e9parties partout en Charente est en train d&rsquo;\u00eatre finalis\u00e9.<br \/>\nLe Pr\u00e9sident du D\u00e9partement d\u00e9voilera les laur\u00e9ats lors d&rsquo;une conf\u00e9rence de presse <strong><span id=\"OBJ_PREFIX_DWT72_com_zimbra_date\" class=\"Object\" role=\"link\">mercredi<\/span> 18 novembre \u00e0 11h30.<\/strong><br \/>\nAu vu des conditions sanitaires, nous vous invitons \u00e0 suivre cette conf\u00e9rence de presse en direct sur le Facebook du D\u00e9partement (<span id=\"OBJ_PREFIX_DWT73_com_zimbra_url\" class=\"Object\" role=\"link\"><a href=\"https:\/\/www.facebook.com\/departementdelacharente\" target=\"_blank\" rel=\"noreferrer nofollow noopener noreferrer nofollow noopener noreferrer\"><span style=\"color: #0066cc;\">https:\/\/www.facebook.com\/departementdelacharente<\/span><\/a><\/span>).<br \/>\nVous pourrez \u00e9galement retrouver la liste des laur\u00e9ats ainsi que la vid\u00e9o de la conf\u00e9rence de presse, \u00e0 partir de <span id=\"OBJ_PREFIX_DWT74_com_zimbra_date\" class=\"Object\" role=\"link\">mercredi<\/span> apr\u00e8s-midi sur le site <span id=\"OBJ_PREFIX_DWT75_com_zimbra_url\" class=\"Object\" role=\"link\"><a href=\"https:\/\/budgetparticipatif16.lacharente.fr\/\" target=\"_blank\" rel=\"noreferrer nofollow noopener noreferrer nofollow noopener noreferrer\"><span style=\"color: #0066cc;\">https:\/\/budgetparticipatif16.lacharente.fr\/<\/span><\/a><\/span><\/p>\n<p>Dans cette attente, nous vous invitons \u00e0 regarder et \u00e0 diffuser largement la vid\u00e9o annon\u00e7ant la date des r\u00e9sultats : <span id=\"OBJ_PREFIX_DWT76_com_zimbra_url\" class=\"Object\" role=\"link\"><a href=\"https:\/\/youtu.be\/nD7NDR-7ZbE\" target=\"_blank\" rel=\"noreferrer nofollow noopener noreferrer nofollow noopener noreferrer\"><span style=\"color: #0066cc; font-size: small;\">https:\/\/youtu.be\/nD7NDR-7ZbE<\/span><\/a><\/span><span style=\"font-size: medium;\">\u00a0\u00a0<\/span><\/p>\n<p>L&rsquo;\u00e9quipe du Budget Participatif Charentais<\/p>\n","protected":false},"excerpt":{"rendered":"<p>Le d\u00e9pouillement des diff\u00e9rentes\u00a0urnes\u00a0qui \u00e9taient r\u00e9parties partout en Charente est en train d&rsquo;\u00eatre finalis\u00e9. Le Pr\u00e9sident du D\u00e9partement d\u00e9voilera les laur\u00e9ats lors d&rsquo;une conf\u00e9rence de presse mercredi 18 novembre \u00e0 11h30. Au vu des conditions sanitaires, nous vous invitons \u00e0 suivre cette conf\u00e9rence de presse en direct sur le Facebook du D\u00e9partement (https:\/\/www.facebook.com\/departementdelacharente). Vous pourrez &hellip; <a href=\"https:\/\/www.mouthiers-sur-boeme.fr\/?p=8354\" class=\"more-link\">Continuer la lecture de <span class=\"screen-reader-text\">Budget participatif Charentais<\/span>  <span class=\"meta-nav\">&rarr;<\/span><\/a><\/p>\n","protected":false},"author":22,"featured_media":8357,"comment_status":"open","ping_status":"open","sticky":false,"template":"","format":"standard","meta":[],"categories":[90],"tags":[],"_links":{"self":[{"href":"https:\/\/www.mouthiers-sur-boeme.fr\/index.php?rest_route=\/wp\/v2\/posts\/8354"}],"collection":[{"href":"https:\/\/www.mouthiers-sur-boeme.fr\/index.php?rest_route=\/wp\/v2\/posts"}],"about":[{"href":"https:\/\/www.mouthiers-sur-boeme.fr\/index.php?rest_route=\/wp\/v2\/types\/post"}],"author":[{"embeddable":true,"href":"https:\/\/www.mouthiers-sur-boeme.fr\/index.php?rest_route=\/wp\/v2\/users\/22"}],"replies":[{"embeddable":true,"href":"https:\/\/www.mouthiers-sur-boeme.fr\/index.php?rest_route=%2Fwp%2Fv2%2Fcomments&post=8354"}],"version-history":[{"count":1,"href":"https:\/\/www.mouthiers-sur-boeme.fr\/index.php?rest_route=\/wp\/v2\/posts\/8354\/revisions"}],"predecessor-version":[{"id":8356,"href":"https:\/\/www.mouthiers-sur-boeme.fr\/index.php?rest_route=\/wp\/v2\/posts\/8354\/revisions\/8356"}],"wp:featuredmedia":[{"embeddable":true,"href":"https:\/\/www.mouthiers-sur-boeme.fr\/index.php?rest_route=\/wp\/v2\/media\/8357"}],"wp:attachment":[{"href":"https:\/\/www.mouthiers-sur-boeme.fr\/index.php?rest_route=%2Fwp%2Fv2%2Fmedia&parent=8354"}],"wp:term":[{"taxonomy":"category","embeddable":true,"href":"https:\/\/www.mouthiers-sur-boeme.fr\/index.php?rest_route=%2Fwp%2Fv2%2Fcategories&post=8354"},{"taxonomy":"post_tag","embeddable":true,"href":"https:\/\/www.mouthiers-sur-boeme.fr\/index.php?rest_route=%2Fwp%2Fv2%2Ftags&post=8354"}],"curies":[{"name":"wp","href":"https:\/\/api.w.org\/{rel}","templated":true}]}}