{"id":8419,"date":"2021-03-17T17:15:53","date_gmt":"2021-03-17T16:15:53","guid":{"rendered":"https:\/\/www.mouthiers-sur-boeme.fr\/?p=8419"},"modified":"2021-05-15T07:58:47","modified_gmt":"2021-05-15T06:58:47","slug":"lire-en-fete-2021-lart-et-la-ville","status":"publish","type":"post","link":"https:\/\/www.mouthiers-sur-boeme.fr\/?p=8419","title":{"rendered":"Lire en F\u00eate 2021 : L&rsquo;art et la Ville"},"content":{"rendered":"<p>Chaque ann\u00e9e, dans le cadre de son Festival Lire en F\u00eate, la m\u00e9diath\u00e8que de Mouthiers-sur-Bo\u00ebme s&rsquo;associe \u00e0 l&rsquo;\u00e9cole maternelle et l&rsquo;\u00e9cole primaire afin de travailler sur un th\u00e8me collaboratif.&nbsp; Pour cette \u00e9dition, le th\u00e8me choisi est <em>L&rsquo;art et la ville !<\/em><\/p>\n<p>Retrouvez le programme complet des animations Lire en F\u00eate en cliquant sur l&rsquo;affiche ci-dessous !<\/p>\n<p><a href=\"https:\/\/www.calameo.com\/read\/004435706859b958408a1\"><img loading=\"lazy\" class=\"alignnone wp-image-8418\" src=\"https:\/\/www.mouthiers-sur-boeme.fr\/wp-content\/uploads\/2021\/03\/0001.jpg\" alt=\"\" width=\"359\" height=\"507\" srcset=\"https:\/\/www.mouthiers-sur-boeme.fr\/wp-content\/uploads\/2021\/03\/0001.jpg 2481w, https:\/\/www.mouthiers-sur-boeme.fr\/wp-content\/uploads\/2021\/03\/0001-212x300.jpg 212w, https:\/\/www.mouthiers-sur-boeme.fr\/wp-content\/uploads\/2021\/03\/0001-768x1086.jpg 768w, https:\/\/www.mouthiers-sur-boeme.fr\/wp-content\/uploads\/2021\/03\/0001-724x1024.jpg 724w\" sizes=\"(max-width: 359px) 100vw, 359px\" \/><\/a><\/p>\n","protected":false},"excerpt":{"rendered":"<p>Chaque ann\u00e9e, dans le cadre de son Festival Lire en F\u00eate, la m\u00e9diath\u00e8que de Mouthiers-sur-Bo\u00ebme s&rsquo;associe \u00e0 l&rsquo;\u00e9cole maternelle et l&rsquo;\u00e9cole primaire afin de travailler sur un th\u00e8me collaboratif.&nbsp; Pour cette \u00e9dition, le th\u00e8me choisi est L&rsquo;art et la ville ! Retrouvez le programme complet des animations Lire en F\u00eate en cliquant sur l&rsquo;affiche ci-dessous &hellip; <a href=\"https:\/\/www.mouthiers-sur-boeme.fr\/?p=8419\" class=\"more-link\">Continuer la lecture de <span class=\"screen-reader-text\">Lire en F\u00eate 2021 : L&rsquo;art et la Ville<\/span>  <span class=\"meta-nav\">&rarr;<\/span><\/a><\/p>\n","protected":false},"author":22,"featured_media":0,"comment_status":"open","ping_status":"open","sticky":false,"template":"","format":"standard","meta":[],"categories":[20,17],"tags":[],"_links":{"self":[{"href":"https:\/\/www.mouthiers-sur-boeme.fr\/index.php?rest_route=\/wp\/v2\/posts\/8419"}],"collection":[{"href":"https:\/\/www.mouthiers-sur-boeme.fr\/index.php?rest_route=\/wp\/v2\/posts"}],"about":[{"href":"https:\/\/www.mouthiers-sur-boeme.fr\/index.php?rest_route=\/wp\/v2\/types\/post"}],"author":[{"embeddable":true,"href":"https:\/\/www.mouthiers-sur-boeme.fr\/index.php?rest_route=\/wp\/v2\/users\/22"}],"replies":[{"embeddable":true,"href":"https:\/\/www.mouthiers-sur-boeme.fr\/index.php?rest_route=%2Fwp%2Fv2%2Fcomments&post=8419"}],"version-history":[{"count":2,"href":"https:\/\/www.mouthiers-sur-boeme.fr\/index.php?rest_route=\/wp\/v2\/posts\/8419\/revisions"}],"predecessor-version":[{"id":8503,"href":"https:\/\/www.mouthiers-sur-boeme.fr\/index.php?rest_route=\/wp\/v2\/posts\/8419\/revisions\/8503"}],"wp:attachment":[{"href":"https:\/\/www.mouthiers-sur-boeme.fr\/index.php?rest_route=%2Fwp%2Fv2%2Fmedia&parent=8419"}],"wp:term":[{"taxonomy":"category","embeddable":true,"href":"https:\/\/www.mouthiers-sur-boeme.fr\/index.php?rest_route=%2Fwp%2Fv2%2Fcategories&post=8419"},{"taxonomy":"post_tag","embeddable":true,"href":"https:\/\/www.mouthiers-sur-boeme.fr\/index.php?rest_route=%2Fwp%2Fv2%2Ftags&post=8419"}],"curies":[{"name":"wp","href":"https:\/\/api.w.org\/{rel}","templated":true}]}}