{"id":8427,"date":"2021-03-30T17:35:20","date_gmt":"2021-03-30T16:35:20","guid":{"rendered":"https:\/\/www.mouthiers-sur-boeme.fr\/?p=8427"},"modified":"2021-04-17T08:40:00","modified_gmt":"2021-04-17T07:40:00","slug":"mouthiers-en-mots-festival-lecture-de-la-voix-haute-du-7-au-9-mai-2021","status":"publish","type":"post","link":"https:\/\/www.mouthiers-sur-boeme.fr\/?p=8427","title":{"rendered":"MOUTHIERS EN MOTS &#8211; Festival lecture de la voix haute du 28 au 30 mai 2021"},"content":{"rendered":"<p>Sur le week-end du 28 au 30 mai 2021, la Compagnie Olive de Lux, vous fera vivre un festival de lecture \u00e0 voix haute . Partage, d\u00e9couvertes, convivialit\u00e9, plaisir autour et avec les livres, les textes&#8230;..<\/p>\n<p>Lecture, balade, dans Mouthiers. Chez les commer\u00e7ants, la m\u00e9diath\u00e8que, la MJC, l&rsquo;EHPAD, l&rsquo;association Bo\u00ebme patrimoine, Effervescentre, vous pourrez participer pleinement au festival. Venez vous verrez, vous entendrez. Ecoutez.<\/p>\n","protected":false},"excerpt":{"rendered":"<p>Sur le week-end du 28 au 30 mai 2021, la Compagnie Olive de Lux, vous fera vivre un festival de lecture \u00e0 voix haute . Partage, d\u00e9couvertes, convivialit\u00e9, plaisir autour et avec les livres, les textes&#8230;.. Lecture, balade, dans Mouthiers. Chez les commer\u00e7ants, la m\u00e9diath\u00e8que, la MJC, l&rsquo;EHPAD, l&rsquo;association Bo\u00ebme patrimoine, Effervescentre, vous pourrez participer &hellip; <a href=\"https:\/\/www.mouthiers-sur-boeme.fr\/?p=8427\" class=\"more-link\">Continuer la lecture de <span class=\"screen-reader-text\">MOUTHIERS EN MOTS &#8211; Festival lecture de la voix haute du 28 au 30 mai 2021<\/span>  <span class=\"meta-nav\">&rarr;<\/span><\/a><\/p>\n","protected":false},"author":22,"featured_media":0,"comment_status":"open","ping_status":"open","sticky":false,"template":"","format":"standard","meta":[],"categories":[83,82],"tags":[],"_links":{"self":[{"href":"https:\/\/www.mouthiers-sur-boeme.fr\/index.php?rest_route=\/wp\/v2\/posts\/8427"}],"collection":[{"href":"https:\/\/www.mouthiers-sur-boeme.fr\/index.php?rest_route=\/wp\/v2\/posts"}],"about":[{"href":"https:\/\/www.mouthiers-sur-boeme.fr\/index.php?rest_route=\/wp\/v2\/types\/post"}],"author":[{"embeddable":true,"href":"https:\/\/www.mouthiers-sur-boeme.fr\/index.php?rest_route=\/wp\/v2\/users\/22"}],"replies":[{"embeddable":true,"href":"https:\/\/www.mouthiers-sur-boeme.fr\/index.php?rest_route=%2Fwp%2Fv2%2Fcomments&post=8427"}],"version-history":[{"count":2,"href":"https:\/\/www.mouthiers-sur-boeme.fr\/index.php?rest_route=\/wp\/v2\/posts\/8427\/revisions"}],"predecessor-version":[{"id":8468,"href":"https:\/\/www.mouthiers-sur-boeme.fr\/index.php?rest_route=\/wp\/v2\/posts\/8427\/revisions\/8468"}],"wp:attachment":[{"href":"https:\/\/www.mouthiers-sur-boeme.fr\/index.php?rest_route=%2Fwp%2Fv2%2Fmedia&parent=8427"}],"wp:term":[{"taxonomy":"category","embeddable":true,"href":"https:\/\/www.mouthiers-sur-boeme.fr\/index.php?rest_route=%2Fwp%2Fv2%2Fcategories&post=8427"},{"taxonomy":"post_tag","embeddable":true,"href":"https:\/\/www.mouthiers-sur-boeme.fr\/index.php?rest_route=%2Fwp%2Fv2%2Ftags&post=8427"}],"curies":[{"name":"wp","href":"https:\/\/api.w.org\/{rel}","templated":true}]}}