{"id":8429,"date":"2021-03-30T17:42:22","date_gmt":"2021-03-30T16:42:22","guid":{"rendered":"https:\/\/www.mouthiers-sur-boeme.fr\/?p=8429"},"modified":"2021-03-30T17:42:22","modified_gmt":"2021-03-30T16:42:22","slug":"dimanche-25-avril-18h-parvis-de-la-mediatheque-ou-salle-cinema-mjc","status":"publish","type":"post","link":"https:\/\/www.mouthiers-sur-boeme.fr\/?p=8429","title":{"rendered":"Dimanche 25 avril &#8211; 18h Parvis de la m\u00e9diath\u00e8que ou salle cin\u00e9ma MJC"},"content":{"rendered":"<p>Le 26 avril 1986 commen\u00e7ait la catastrophe de Terchnobyl&#8230;<\/p>\n<p>En r\u00e9ponse \u00e0 l&rsquo;Appel du 26 avril, une lecture du Prologue de la Supplication, texte de Svetlana Alexievith, sera propos\u00e9e par la Compagnie Olive de Lux.<\/p>\n<p>Les lectrices seront : Dominique Blanchard-Macineiras et Anne-El\u00e9onore Porte.<\/p>\n<p>Entr\u00e9e libre &#8211; r\u00e9servation obligatoire (places limit\u00e9es). Par mail : olive2lux@gmail.com ou par t\u00e9l\u00e9phone 07 55 61 80 22<\/p>\n<p>&nbsp;<\/p>\n","protected":false},"excerpt":{"rendered":"<p>Le 26 avril 1986 commen\u00e7ait la catastrophe de Terchnobyl&#8230; En r\u00e9ponse \u00e0 l&rsquo;Appel du 26 avril, une lecture du Prologue de la Supplication, texte de Svetlana Alexievith, sera propos\u00e9e par la Compagnie Olive de Lux. Les lectrices seront : Dominique Blanchard-Macineiras et Anne-El\u00e9onore Porte. Entr\u00e9e libre &#8211; r\u00e9servation obligatoire (places limit\u00e9es). Par mail : olive2lux@gmail.com &hellip; <a href=\"https:\/\/www.mouthiers-sur-boeme.fr\/?p=8429\" class=\"more-link\">Continuer la lecture de <span class=\"screen-reader-text\">Dimanche 25 avril &#8211; 18h Parvis de la m\u00e9diath\u00e8que ou salle cin\u00e9ma MJC<\/span>  <span class=\"meta-nav\">&rarr;<\/span><\/a><\/p>\n","protected":false},"author":22,"featured_media":0,"comment_status":"open","ping_status":"open","sticky":false,"template":"","format":"standard","meta":[],"categories":[1],"tags":[],"_links":{"self":[{"href":"https:\/\/www.mouthiers-sur-boeme.fr\/index.php?rest_route=\/wp\/v2\/posts\/8429"}],"collection":[{"href":"https:\/\/www.mouthiers-sur-boeme.fr\/index.php?rest_route=\/wp\/v2\/posts"}],"about":[{"href":"https:\/\/www.mouthiers-sur-boeme.fr\/index.php?rest_route=\/wp\/v2\/types\/post"}],"author":[{"embeddable":true,"href":"https:\/\/www.mouthiers-sur-boeme.fr\/index.php?rest_route=\/wp\/v2\/users\/22"}],"replies":[{"embeddable":true,"href":"https:\/\/www.mouthiers-sur-boeme.fr\/index.php?rest_route=%2Fwp%2Fv2%2Fcomments&post=8429"}],"version-history":[{"count":1,"href":"https:\/\/www.mouthiers-sur-boeme.fr\/index.php?rest_route=\/wp\/v2\/posts\/8429\/revisions"}],"predecessor-version":[{"id":8430,"href":"https:\/\/www.mouthiers-sur-boeme.fr\/index.php?rest_route=\/wp\/v2\/posts\/8429\/revisions\/8430"}],"wp:attachment":[{"href":"https:\/\/www.mouthiers-sur-boeme.fr\/index.php?rest_route=%2Fwp%2Fv2%2Fmedia&parent=8429"}],"wp:term":[{"taxonomy":"category","embeddable":true,"href":"https:\/\/www.mouthiers-sur-boeme.fr\/index.php?rest_route=%2Fwp%2Fv2%2Fcategories&post=8429"},{"taxonomy":"post_tag","embeddable":true,"href":"https:\/\/www.mouthiers-sur-boeme.fr\/index.php?rest_route=%2Fwp%2Fv2%2Ftags&post=8429"}],"curies":[{"name":"wp","href":"https:\/\/api.w.org\/{rel}","templated":true}]}}