{"id":8432,"date":"2021-04-07T06:31:18","date_gmt":"2021-04-07T05:31:18","guid":{"rendered":"https:\/\/www.mouthiers-sur-boeme.fr\/?p=8432"},"modified":"2021-04-07T06:31:18","modified_gmt":"2021-04-07T05:31:18","slug":"calitom-vous-informe","status":"publish","type":"post","link":"https:\/\/www.mouthiers-sur-boeme.fr\/?p=8432","title":{"rendered":"Calitom vous informe"},"content":{"rendered":"<p>Dans cette nouvelle p\u00e9riode de confinement, Calitom vous informe de l\u2019\u00e9tat de ses services \u00e0 compter du 6 avril.<\/p>\n<p>&nbsp;<\/p>\n<p><strong>&#8211; Les services de collecte sont maintenus<\/strong>. Attention cependant au lundi de P\u00e2ques f\u00e9ri\u00e9 qui d\u00e9cale tous les ramassages pr\u00e9vus cette semaine d\u2019un jour (sauf pour la ville de Cognac qui sera bien collect\u00e9e par le prestataire).<\/p>\n<p>&#8211; <strong>Les d\u00e9ch\u00e8teries seront ouvertes aux jours et heures habituels<\/strong>. Attention cependant au lundi de p\u00e2que f\u00e9ri\u00e9, les sites de Calitom seront ferm\u00e9s pour la journ\u00e9e. L\u2019attestation de d\u00e9placement permet aux habitants les plus \u00e9loign\u00e9s des sites de cocher la case \u00ab\u00a09. D\u00e9marches administratives ou juridiques [ ] D\u00e9placements pour se rendre dans un service public\u2026\u00a0\u00bb.<\/p>\n<p>&#8211; <strong>Les distributions de composteurs pr\u00e9vues \u00e0 Chalais pour les habitants des communaut\u00e9s de communes Lavalette Tude et Dronne et des 4B se tiendront aux dates annonc\u00e9es<\/strong>. Les consignes sanitaires seront pr\u00e9cis\u00e9es sur place. L\u2019attestation de d\u00e9placement permet aux habitants les plus \u00e9loign\u00e9s des sites de cocher la case \u00ab\u00a09. D\u00e9marches administratives ou juridiques [ ] D\u00e9placements pour se rendre dans un service public\u2026\u00a0\u00bb.<\/p>\n<p>&#8211; <strong>Les collectes d\u2019amiante et de pneus seront assur\u00e9es. <\/strong><\/p>\n<p>&nbsp;<\/p>\n<p>Ferm\u00e9s ou annul\u00e9s sur les 4 semaines \u00e0 venir\u00a0:<\/p>\n<p><strong>Les ventes physiques de La Boutique \u00e0 Poullignac<\/strong>. Seules les commandes sur le site internet <a href=\"http:\/\/www.laboutiquecalitom.com\">www.laboutiquecalitom.com<\/a> avec drive seront assur\u00e9es.<\/p>\n<p><strong>Les animations de Calitorama<\/strong> \u00e0 Ch\u00e2teaubernard sont toutes annul\u00e9es.<\/p>\n<p><strong>Pas de visites de sites<\/strong>.<\/p>\n<p>&nbsp;<\/p>\n<p><a href=\"http:\/\/www.calitom.com\">www.calitom.com<\/a> \u2013 facebook calitom16 \u2013 <a href=\"callto:0800 500 429\">0800 500 429<\/a><\/p>\n","protected":false},"excerpt":{"rendered":"<p>Dans cette nouvelle p\u00e9riode de confinement, Calitom vous informe de l\u2019\u00e9tat de ses services \u00e0 compter du 6 avril. &nbsp; &#8211; Les services de collecte sont maintenus. Attention cependant au lundi de P\u00e2ques f\u00e9ri\u00e9 qui d\u00e9cale tous les ramassages pr\u00e9vus cette semaine d\u2019un jour (sauf pour la ville de Cognac qui sera bien collect\u00e9e par &hellip; <a href=\"https:\/\/www.mouthiers-sur-boeme.fr\/?p=8432\" class=\"more-link\">Continuer la lecture de <span class=\"screen-reader-text\">Calitom vous informe<\/span>  <span class=\"meta-nav\">&rarr;<\/span><\/a><\/p>\n","protected":false},"author":22,"featured_media":0,"comment_status":"open","ping_status":"open","sticky":false,"template":"","format":"standard","meta":[],"categories":[15],"tags":[],"_links":{"self":[{"href":"https:\/\/www.mouthiers-sur-boeme.fr\/index.php?rest_route=\/wp\/v2\/posts\/8432"}],"collection":[{"href":"https:\/\/www.mouthiers-sur-boeme.fr\/index.php?rest_route=\/wp\/v2\/posts"}],"about":[{"href":"https:\/\/www.mouthiers-sur-boeme.fr\/index.php?rest_route=\/wp\/v2\/types\/post"}],"author":[{"embeddable":true,"href":"https:\/\/www.mouthiers-sur-boeme.fr\/index.php?rest_route=\/wp\/v2\/users\/22"}],"replies":[{"embeddable":true,"href":"https:\/\/www.mouthiers-sur-boeme.fr\/index.php?rest_route=%2Fwp%2Fv2%2Fcomments&post=8432"}],"version-history":[{"count":1,"href":"https:\/\/www.mouthiers-sur-boeme.fr\/index.php?rest_route=\/wp\/v2\/posts\/8432\/revisions"}],"predecessor-version":[{"id":8433,"href":"https:\/\/www.mouthiers-sur-boeme.fr\/index.php?rest_route=\/wp\/v2\/posts\/8432\/revisions\/8433"}],"wp:attachment":[{"href":"https:\/\/www.mouthiers-sur-boeme.fr\/index.php?rest_route=%2Fwp%2Fv2%2Fmedia&parent=8432"}],"wp:term":[{"taxonomy":"category","embeddable":true,"href":"https:\/\/www.mouthiers-sur-boeme.fr\/index.php?rest_route=%2Fwp%2Fv2%2Fcategories&post=8432"},{"taxonomy":"post_tag","embeddable":true,"href":"https:\/\/www.mouthiers-sur-boeme.fr\/index.php?rest_route=%2Fwp%2Fv2%2Ftags&post=8432"}],"curies":[{"name":"wp","href":"https:\/\/api.w.org\/{rel}","templated":true}]}}