{"id":8445,"date":"2021-04-15T08:38:13","date_gmt":"2021-04-15T07:38:13","guid":{"rendered":"https:\/\/www.mouthiers-sur-boeme.fr\/?p=8445"},"modified":"2021-06-09T16:38:11","modified_gmt":"2021-06-09T15:38:11","slug":"challenge-de-la-mobilite","status":"publish","type":"post","link":"https:\/\/www.mouthiers-sur-boeme.fr\/?p=8445","title":{"rendered":"Challenge de la mobilit\u00e9"},"content":{"rendered":"\n\n\n<p>Le principe de ce challenge est simple&nbsp;: il s\u2019agit pour chaque \u00e9tablissement (entreprise, collectivit\u00e9, administration, \u00e9tablissement scolaire\u2026) de mobiliser ses salari\u00e9s pour que ceux-ci viennent travailler autrement que seuls dans leurs voitures pendant la semaine du 7 au 13 juin 2021.<\/p>\n\n\n\n<p>Un classement est \u00e9tabli&nbsp; sur la base des trajets rapport\u00e9s&nbsp;: sont d\u00e9clar\u00e9s vainqueurs les \u00e9tablissements dont la plus forte proportion de salari\u00e9s a march\u00e9, p\u00e9dal\u00e9, covoitur\u00e9, pris le bus \u2026 &nbsp;pour venir travailler.<\/p>\n\n\n\n<p>L\u2019objectif est d\u2019inciter les personnes qui viennent habituellement seuls en voiture \u00e0 essayer d\u2019autres modes de d\u00e9placements, mais \u00e9galement \u00e0 valoriser ceux qui se d\u00e9placent d\u00e9j\u00e0 autrement.<\/p>\n\n\n\n<p><a rel=\"noreferrer noopener\" href=\"https:\/\/www.challengedelamobilite.com\/\" data-type=\"URL\" data-id=\"https:\/\/www.challengedelamobilite.com\/\" target=\"_blank\">Challenge de la mobilit\u00e9 LE SITE<\/a><\/p>\n\n\n\n<p><\/p>\n\n\n\n<p><\/p>\n","protected":false},"excerpt":{"rendered":"<p>Le principe de ce challenge est simple&nbsp;: il s\u2019agit pour chaque \u00e9tablissement (entreprise, collectivit\u00e9, administration, \u00e9tablissement scolaire\u2026) de mobiliser ses salari\u00e9s pour que ceux-ci viennent travailler autrement que seuls dans leurs voitures pendant la semaine du 7 au 13 juin 2021. Un classement est \u00e9tabli&nbsp; sur la base des trajets rapport\u00e9s&nbsp;: sont d\u00e9clar\u00e9s vainqueurs les &hellip; <a href=\"https:\/\/www.mouthiers-sur-boeme.fr\/?p=8445\" class=\"more-link\">Continuer la lecture de <span class=\"screen-reader-text\">Challenge de la mobilit\u00e9<\/span>  <span class=\"meta-nav\">&rarr;<\/span><\/a><\/p>\n","protected":false},"author":22,"featured_media":8455,"comment_status":"open","ping_status":"open","sticky":false,"template":"","format":"standard","meta":[],"categories":[85,4],"tags":[],"_links":{"self":[{"href":"https:\/\/www.mouthiers-sur-boeme.fr\/index.php?rest_route=\/wp\/v2\/posts\/8445"}],"collection":[{"href":"https:\/\/www.mouthiers-sur-boeme.fr\/index.php?rest_route=\/wp\/v2\/posts"}],"about":[{"href":"https:\/\/www.mouthiers-sur-boeme.fr\/index.php?rest_route=\/wp\/v2\/types\/post"}],"author":[{"embeddable":true,"href":"https:\/\/www.mouthiers-sur-boeme.fr\/index.php?rest_route=\/wp\/v2\/users\/22"}],"replies":[{"embeddable":true,"href":"https:\/\/www.mouthiers-sur-boeme.fr\/index.php?rest_route=%2Fwp%2Fv2%2Fcomments&post=8445"}],"version-history":[{"count":3,"href":"https:\/\/www.mouthiers-sur-boeme.fr\/index.php?rest_route=\/wp\/v2\/posts\/8445\/revisions"}],"predecessor-version":[{"id":8559,"href":"https:\/\/www.mouthiers-sur-boeme.fr\/index.php?rest_route=\/wp\/v2\/posts\/8445\/revisions\/8559"}],"wp:featuredmedia":[{"embeddable":true,"href":"https:\/\/www.mouthiers-sur-boeme.fr\/index.php?rest_route=\/wp\/v2\/media\/8455"}],"wp:attachment":[{"href":"https:\/\/www.mouthiers-sur-boeme.fr\/index.php?rest_route=%2Fwp%2Fv2%2Fmedia&parent=8445"}],"wp:term":[{"taxonomy":"category","embeddable":true,"href":"https:\/\/www.mouthiers-sur-boeme.fr\/index.php?rest_route=%2Fwp%2Fv2%2Fcategories&post=8445"},{"taxonomy":"post_tag","embeddable":true,"href":"https:\/\/www.mouthiers-sur-boeme.fr\/index.php?rest_route=%2Fwp%2Fv2%2Ftags&post=8445"}],"curies":[{"name":"wp","href":"https:\/\/api.w.org\/{rel}","templated":true}]}}