{"id":8493,"date":"2021-05-16T08:06:30","date_gmt":"2021-05-16T07:06:30","guid":{"rendered":"https:\/\/www.mouthiers-sur-boeme.fr\/?p=8493"},"modified":"2021-05-16T08:06:30","modified_gmt":"2021-05-16T07:06:30","slug":"mouthiers-en-mots-28-29-et-30-mai","status":"publish","type":"post","link":"https:\/\/www.mouthiers-sur-boeme.fr\/?p=8493","title":{"rendered":"Mouthiers en mots 28-29 et 30 mai"},"content":{"rendered":"\n<p>Programmation du festival Mouthiers en mots :<\/p>\n\n\n\n<p><strong>Vendredi 28 \u00e0 partir de 15h <\/strong>:<\/p>\n\n\n\n<p>Expression libre m\u00e9diath\u00e8que &#8211; courtes lectures divers commerces du bourg.<\/p>\n\n\n\n<p>19h : Balade (quasi nocturne) &#8211; RDV parvis de la m\u00e9diath\u00e8que. Spectacle \u00e0 partir de 12 ans. Places limit\u00e9es r\u00e9servation : olive2lux@gmail.com<\/p>\n\n\n\n<p><strong>Samedi 29 \u00e0 partir de 10h30 :<\/strong><\/p>\n\n\n\n<p>En journ\u00e9e : expression libre M\u00e9diath\u00e8que. Courtes lectures divers commerces. Distribution de vers gratuits&#8230;.. Bouquinerie vente de livres au profit du Secours Populaire.<\/p>\n\n\n\n<p>10h30 11h : BB conteurs<\/p>\n\n\n\n<p>15h EHPAD lecture de textes \u00e9crits par le Club des po\u00e8tes<\/p>\n\n\n\n<p>17h MEDIATHEQUE lecture textes Club d&rsquo;\u00e9criture.<\/p>\n\n\n\n<p>19h MJC spectacle de Voix vivantes. Spectacle payant : 12 euros adultes et 10 euros de 12 \u00e0 16 ans. A partir de 12 ans. Places limit\u00e9es r\u00e9servation : olive2lux@gmail.com<\/p>\n\n\n\n<p><\/p>\n\n\n\n<p><strong>Dimanche 30  10h30<\/strong><\/p>\n\n\n\n<p>Promenade cont\u00e9e dans Mouthiers<\/p>\n\n\n\n<p>12h Fin du festival avec un pique-nique sorti du sac (RDV espace enherb\u00e9 \u00e0 c\u00f4t\u00e9 de l&rsquo;\u00e9glise).<\/p>\n\n\n\n<figure class=\"wp-block-image size-large\"><a href=\"https:\/\/www.mouthiers-sur-boeme.fr\/wp-content\/uploads\/2021\/05\/Affiche-Mouthiers-en-Mots-version-mail-scaled.jpg\"><img loading=\"lazy\" width=\"724\" height=\"1024\" src=\"https:\/\/www.mouthiers-sur-boeme.fr\/wp-content\/uploads\/2021\/05\/Affiche-Mouthiers-en-Mots-version-mail-724x1024.jpg\" alt=\"\" class=\"wp-image-8498\" srcset=\"https:\/\/www.mouthiers-sur-boeme.fr\/wp-content\/uploads\/2021\/05\/Affiche-Mouthiers-en-Mots-version-mail-724x1024.jpg 724w, https:\/\/www.mouthiers-sur-boeme.fr\/wp-content\/uploads\/2021\/05\/Affiche-Mouthiers-en-Mots-version-mail-212x300.jpg 212w, https:\/\/www.mouthiers-sur-boeme.fr\/wp-content\/uploads\/2021\/05\/Affiche-Mouthiers-en-Mots-version-mail-768x1086.jpg 768w, https:\/\/www.mouthiers-sur-boeme.fr\/wp-content\/uploads\/2021\/05\/Affiche-Mouthiers-en-Mots-version-mail-1086x1536.jpg 1086w, https:\/\/www.mouthiers-sur-boeme.fr\/wp-content\/uploads\/2021\/05\/Affiche-Mouthiers-en-Mots-version-mail-1448x2048.jpg 1448w, https:\/\/www.mouthiers-sur-boeme.fr\/wp-content\/uploads\/2021\/05\/Affiche-Mouthiers-en-Mots-version-mail-scaled.jpg 1810w\" sizes=\"(max-width: 724px) 100vw, 724px\" \/><\/a><\/figure>\n\n\n\n<p><\/p>\n\n\n\n<p><\/p>\n","protected":false},"excerpt":{"rendered":"<p>Programmation du festival Mouthiers en mots : Vendredi 28 \u00e0 partir de 15h : Expression libre m\u00e9diath\u00e8que &#8211; courtes lectures divers commerces du bourg. 19h : Balade (quasi nocturne) &#8211; RDV parvis de la m\u00e9diath\u00e8que. Spectacle \u00e0 partir de 12 ans. Places limit\u00e9es r\u00e9servation : olive2lux@gmail.com Samedi 29 \u00e0 partir de 10h30 : En journ\u00e9e &hellip; <a href=\"https:\/\/www.mouthiers-sur-boeme.fr\/?p=8493\" class=\"more-link\">Continuer la lecture de <span class=\"screen-reader-text\">Mouthiers en mots 28-29 et 30 mai<\/span>  <span class=\"meta-nav\">&rarr;<\/span><\/a><\/p>\n","protected":false},"author":22,"featured_media":0,"comment_status":"open","ping_status":"open","sticky":false,"template":"","format":"standard","meta":[],"categories":[83],"tags":[],"_links":{"self":[{"href":"https:\/\/www.mouthiers-sur-boeme.fr\/index.php?rest_route=\/wp\/v2\/posts\/8493"}],"collection":[{"href":"https:\/\/www.mouthiers-sur-boeme.fr\/index.php?rest_route=\/wp\/v2\/posts"}],"about":[{"href":"https:\/\/www.mouthiers-sur-boeme.fr\/index.php?rest_route=\/wp\/v2\/types\/post"}],"author":[{"embeddable":true,"href":"https:\/\/www.mouthiers-sur-boeme.fr\/index.php?rest_route=\/wp\/v2\/users\/22"}],"replies":[{"embeddable":true,"href":"https:\/\/www.mouthiers-sur-boeme.fr\/index.php?rest_route=%2Fwp%2Fv2%2Fcomments&post=8493"}],"version-history":[{"count":5,"href":"https:\/\/www.mouthiers-sur-boeme.fr\/index.php?rest_route=\/wp\/v2\/posts\/8493\/revisions"}],"predecessor-version":[{"id":8499,"href":"https:\/\/www.mouthiers-sur-boeme.fr\/index.php?rest_route=\/wp\/v2\/posts\/8493\/revisions\/8499"}],"wp:attachment":[{"href":"https:\/\/www.mouthiers-sur-boeme.fr\/index.php?rest_route=%2Fwp%2Fv2%2Fmedia&parent=8493"}],"wp:term":[{"taxonomy":"category","embeddable":true,"href":"https:\/\/www.mouthiers-sur-boeme.fr\/index.php?rest_route=%2Fwp%2Fv2%2Fcategories&post=8493"},{"taxonomy":"post_tag","embeddable":true,"href":"https:\/\/www.mouthiers-sur-boeme.fr\/index.php?rest_route=%2Fwp%2Fv2%2Ftags&post=8493"}],"curies":[{"name":"wp","href":"https:\/\/api.w.org\/{rel}","templated":true}]}}