{"id":8510,"date":"2021-05-24T07:26:21","date_gmt":"2021-05-24T06:26:21","guid":{"rendered":"https:\/\/www.mouthiers-sur-boeme.fr\/?p=8510"},"modified":"2021-05-24T07:26:21","modified_gmt":"2021-05-24T06:26:21","slug":"annulation","status":"publish","type":"post","link":"https:\/\/www.mouthiers-sur-boeme.fr\/?p=8510","title":{"rendered":"ANNULATION"},"content":{"rendered":"\n<p>Bonjour,<\/p>\n\n\n\n<p>Le festival Mouthiers en mots pr\u00e9vu les 28 &#8211; 29  et 30 mai 2021 est annul\u00e9. Nous vous tiendrons inform\u00e9 de la suite donn\u00e9e pour cet \u00e9v\u00e8nement. \u00c0 bient\u00f4t<\/p>\n","protected":false},"excerpt":{"rendered":"<p>Bonjour, Le festival Mouthiers en mots pr\u00e9vu les 28 &#8211; 29 et 30 mai 2021 est annul\u00e9. Nous vous tiendrons inform\u00e9 de la suite donn\u00e9e pour cet \u00e9v\u00e8nement. \u00c0 bient\u00f4t<\/p>\n","protected":false},"author":22,"featured_media":0,"comment_status":"open","ping_status":"open","sticky":false,"template":"","format":"standard","meta":[],"categories":[1],"tags":[],"_links":{"self":[{"href":"https:\/\/www.mouthiers-sur-boeme.fr\/index.php?rest_route=\/wp\/v2\/posts\/8510"}],"collection":[{"href":"https:\/\/www.mouthiers-sur-boeme.fr\/index.php?rest_route=\/wp\/v2\/posts"}],"about":[{"href":"https:\/\/www.mouthiers-sur-boeme.fr\/index.php?rest_route=\/wp\/v2\/types\/post"}],"author":[{"embeddable":true,"href":"https:\/\/www.mouthiers-sur-boeme.fr\/index.php?rest_route=\/wp\/v2\/users\/22"}],"replies":[{"embeddable":true,"href":"https:\/\/www.mouthiers-sur-boeme.fr\/index.php?rest_route=%2Fwp%2Fv2%2Fcomments&post=8510"}],"version-history":[{"count":1,"href":"https:\/\/www.mouthiers-sur-boeme.fr\/index.php?rest_route=\/wp\/v2\/posts\/8510\/revisions"}],"predecessor-version":[{"id":8511,"href":"https:\/\/www.mouthiers-sur-boeme.fr\/index.php?rest_route=\/wp\/v2\/posts\/8510\/revisions\/8511"}],"wp:attachment":[{"href":"https:\/\/www.mouthiers-sur-boeme.fr\/index.php?rest_route=%2Fwp%2Fv2%2Fmedia&parent=8510"}],"wp:term":[{"taxonomy":"category","embeddable":true,"href":"https:\/\/www.mouthiers-sur-boeme.fr\/index.php?rest_route=%2Fwp%2Fv2%2Fcategories&post=8510"},{"taxonomy":"post_tag","embeddable":true,"href":"https:\/\/www.mouthiers-sur-boeme.fr\/index.php?rest_route=%2Fwp%2Fv2%2Ftags&post=8510"}],"curies":[{"name":"wp","href":"https:\/\/api.w.org\/{rel}","templated":true}]}}