{"id":8512,"date":"2021-05-26T05:01:00","date_gmt":"2021-05-26T04:01:00","guid":{"rendered":"https:\/\/www.mouthiers-sur-boeme.fr\/?p=8512"},"modified":"2021-05-26T05:02:44","modified_gmt":"2021-05-26T04:02:44","slug":"petites-oreilles-en-goguette-2021","status":"publish","type":"post","link":"https:\/\/www.mouthiers-sur-boeme.fr\/?p=8512","title":{"rendered":"Petites oreilles en goguette 2021"},"content":{"rendered":"\n<p>La m\u00e9diath\u00e8que participe \u00e0 la 13\u00e8me \u00e9dition , \u00e0 savoir :<\/p>\n\n\n\n<p>Exposition Merci le vent d&rsquo;Edouard Manceau du 31 mai au 11 juin 2021<\/p>\n\n\n\n<p>Atelier cr\u00e9atif 3\/5 ans mercredi 2 juin 14h30 et le mercredi 9 juin 14h30<\/p>\n\n\n\n<p>Minute papillon 0\/5 ans lesamedi 5 juin 10h30<\/p>\n\n\n\n<p>Pour participer, r\u00e9servations obligatoires : 05.45.67.89.47 ou mediatheque@mouthiers-sur-boeme.fr<\/p>\n\n\n\n<p><\/p>\n\n\n\n<figure class=\"wp-block-image size-large is-resized\"><a href=\"https:\/\/www.mouthiers-sur-boeme.fr\/wp-content\/uploads\/2021\/05\/POG-livret-p-de-garde-211x300-1.jpg\"><img loading=\"lazy\" src=\"https:\/\/www.mouthiers-sur-boeme.fr\/wp-content\/uploads\/2021\/05\/POG-livret-p-de-garde-211x300-1.jpg\" alt=\"\" class=\"wp-image-8514\" width=\"268\" height=\"382\"\/><\/a><\/figure>\n\n\n\n<p><\/p>\n","protected":false},"excerpt":{"rendered":"<p>La m\u00e9diath\u00e8que participe \u00e0 la 13\u00e8me \u00e9dition , \u00e0 savoir : Exposition Merci le vent d&rsquo;Edouard Manceau du 31 mai au 11 juin 2021 Atelier cr\u00e9atif 3\/5 ans mercredi 2 juin 14h30 et le mercredi 9 juin 14h30 Minute papillon 0\/5 ans lesamedi 5 juin 10h30 Pour participer, r\u00e9servations obligatoires : 05.45.67.89.47 ou mediatheque@mouthiers-sur-boeme.fr<\/p>\n","protected":false},"author":22,"featured_media":0,"comment_status":"open","ping_status":"open","sticky":false,"template":"","format":"standard","meta":[],"categories":[1],"tags":[],"_links":{"self":[{"href":"https:\/\/www.mouthiers-sur-boeme.fr\/index.php?rest_route=\/wp\/v2\/posts\/8512"}],"collection":[{"href":"https:\/\/www.mouthiers-sur-boeme.fr\/index.php?rest_route=\/wp\/v2\/posts"}],"about":[{"href":"https:\/\/www.mouthiers-sur-boeme.fr\/index.php?rest_route=\/wp\/v2\/types\/post"}],"author":[{"embeddable":true,"href":"https:\/\/www.mouthiers-sur-boeme.fr\/index.php?rest_route=\/wp\/v2\/users\/22"}],"replies":[{"embeddable":true,"href":"https:\/\/www.mouthiers-sur-boeme.fr\/index.php?rest_route=%2Fwp%2Fv2%2Fcomments&post=8512"}],"version-history":[{"count":2,"href":"https:\/\/www.mouthiers-sur-boeme.fr\/index.php?rest_route=\/wp\/v2\/posts\/8512\/revisions"}],"predecessor-version":[{"id":8515,"href":"https:\/\/www.mouthiers-sur-boeme.fr\/index.php?rest_route=\/wp\/v2\/posts\/8512\/revisions\/8515"}],"wp:attachment":[{"href":"https:\/\/www.mouthiers-sur-boeme.fr\/index.php?rest_route=%2Fwp%2Fv2%2Fmedia&parent=8512"}],"wp:term":[{"taxonomy":"category","embeddable":true,"href":"https:\/\/www.mouthiers-sur-boeme.fr\/index.php?rest_route=%2Fwp%2Fv2%2Fcategories&post=8512"},{"taxonomy":"post_tag","embeddable":true,"href":"https:\/\/www.mouthiers-sur-boeme.fr\/index.php?rest_route=%2Fwp%2Fv2%2Ftags&post=8512"}],"curies":[{"name":"wp","href":"https:\/\/api.w.org\/{rel}","templated":true}]}}