{"id":8517,"date":"2021-05-30T09:00:00","date_gmt":"2021-05-30T08:00:00","guid":{"rendered":"https:\/\/www.mouthiers-sur-boeme.fr\/?p=8517"},"modified":"2021-08-28T08:44:25","modified_gmt":"2021-08-28T07:44:25","slug":"cinema-le-retour-enfin-salle-gilles-ploquin","status":"publish","type":"post","link":"https:\/\/www.mouthiers-sur-boeme.fr\/?p=8517","title":{"rendered":"CIN\u00c9MA LE RETOUR ENFIN !!!! SALLE GILLES PLOQUIN"},"content":{"rendered":"\n<p>La MJC et la municipalit\u00e9 sont heureux de pouvoir vous accueillir pour une s\u00e9ance de cin\u00e9ma le 10 juin \u00e0 20h30.<\/p>\n\n\n\n<p>Ce sera salle G.Ploquin et dans le respect des gestes barri\u00e8res. <\/p>\n\n\n\n<p class=\"has-text-color\" style=\"color:#d41f1f\"><strong>ATTENTION, POUR LE PAIEMENT, CARTE BANCAIRE OBLIGATOIRE<\/strong><\/p>\n\n\n\n<p><\/p>\n\n\n\n<h1>Adieu Les Cons<\/h1>\n\n\n\n<p>De <strong>Albert Dupontel<\/strong><br>Avec <strong>Virginie Efira, Albert Dupontel, Nicolas Mari\u00e9<\/strong><br>Genre <strong>Com\u00e9die<\/strong><br>Nationalit\u00e9 <strong>fran\u00e7ais<\/strong><br>Dur\u00e9e <strong>1h 27<\/strong><\/p>\n\n\n\n<hr class=\"wp-block-separator\"\/>\n\n\n\n<p>Lorsque Suze Trappet apprend \u00e0 43 ans qu\u2019elle est s\u00e9rieusement malade, elle d\u00e9cide de partir \u00e0 la recherche de l\u2019enfant qu\u2019elle a \u00e9t\u00e9 forc\u00e9e d\u2019abandonner quand elle avait 15 ans.<br>Sa qu\u00eate administrative va lui faire croiser JB, quinquag\u00e9naire en plein burn out, et M.&nbsp;Blin, archiviste aveugle d\u2019un enthousiasme impressionnant. \u00c0 eux trois, ils se lancent dans une qu\u00eate aussi spectaculaire qu\u2019improbable.<\/p>\n\n\n\n<p>La bande annonce sur le site du CRCATB<\/p>\n\n\n\n<p><a href=\"https:\/\/www.crcatb.fr\/films-cinema-charente-crcatb\/article\/adieu-les-cons\">https:\/\/www.crcatb.fr\/films-cinema-charente-crcatb\/article\/adieu-les-cons<\/a><\/p>\n","protected":false},"excerpt":{"rendered":"<p>La MJC et la municipalit\u00e9 sont heureux de pouvoir vous accueillir pour une s\u00e9ance de cin\u00e9ma le 10 juin \u00e0 20h30. Ce sera salle G.Ploquin et dans le respect des gestes barri\u00e8res. ATTENTION, POUR LE PAIEMENT, CARTE BANCAIRE OBLIGATOIRE Adieu Les Cons De Albert DupontelAvec Virginie Efira, Albert Dupontel, Nicolas Mari\u00e9Genre Com\u00e9dieNationalit\u00e9 fran\u00e7aisDur\u00e9e 1h 27 &hellip; <a href=\"https:\/\/www.mouthiers-sur-boeme.fr\/?p=8517\" class=\"more-link\">Continuer la lecture de <span class=\"screen-reader-text\">CIN\u00c9MA LE RETOUR ENFIN !!!! SALLE GILLES PLOQUIN<\/span>  <span class=\"meta-nav\">&rarr;<\/span><\/a><\/p>\n","protected":false},"author":22,"featured_media":0,"comment_status":"open","ping_status":"open","sticky":false,"template":"","format":"standard","meta":[],"categories":[65],"tags":[],"_links":{"self":[{"href":"https:\/\/www.mouthiers-sur-boeme.fr\/index.php?rest_route=\/wp\/v2\/posts\/8517"}],"collection":[{"href":"https:\/\/www.mouthiers-sur-boeme.fr\/index.php?rest_route=\/wp\/v2\/posts"}],"about":[{"href":"https:\/\/www.mouthiers-sur-boeme.fr\/index.php?rest_route=\/wp\/v2\/types\/post"}],"author":[{"embeddable":true,"href":"https:\/\/www.mouthiers-sur-boeme.fr\/index.php?rest_route=\/wp\/v2\/users\/22"}],"replies":[{"embeddable":true,"href":"https:\/\/www.mouthiers-sur-boeme.fr\/index.php?rest_route=%2Fwp%2Fv2%2Fcomments&post=8517"}],"version-history":[{"count":5,"href":"https:\/\/www.mouthiers-sur-boeme.fr\/index.php?rest_route=\/wp\/v2\/posts\/8517\/revisions"}],"predecessor-version":[{"id":8544,"href":"https:\/\/www.mouthiers-sur-boeme.fr\/index.php?rest_route=\/wp\/v2\/posts\/8517\/revisions\/8544"}],"wp:attachment":[{"href":"https:\/\/www.mouthiers-sur-boeme.fr\/index.php?rest_route=%2Fwp%2Fv2%2Fmedia&parent=8517"}],"wp:term":[{"taxonomy":"category","embeddable":true,"href":"https:\/\/www.mouthiers-sur-boeme.fr\/index.php?rest_route=%2Fwp%2Fv2%2Fcategories&post=8517"},{"taxonomy":"post_tag","embeddable":true,"href":"https:\/\/www.mouthiers-sur-boeme.fr\/index.php?rest_route=%2Fwp%2Fv2%2Ftags&post=8517"}],"curies":[{"name":"wp","href":"https:\/\/api.w.org\/{rel}","templated":true}]}}