{"id":8579,"date":"2021-06-22T17:59:45","date_gmt":"2021-06-22T16:59:45","guid":{"rendered":"https:\/\/www.mouthiers-sur-boeme.fr\/?p=8579"},"modified":"2021-09-15T21:09:25","modified_gmt":"2021-09-15T20:09:25","slug":"les-ateliers-creatifs-de-lete","status":"publish","type":"post","link":"https:\/\/www.mouthiers-sur-boeme.fr\/?p=8579","title":{"rendered":"Les ateliers cr\u00e9atifs de l&rsquo;\u00e9t\u00e9"},"content":{"rendered":"\n<p class=\"has-text-align-center\"><em>Puisque se rendre \u00e0 l&rsquo;autre bout du monde en ce moment est un peu compliqu\u00e9&#8230; Quelques continents vont faire le d\u00e9placement jusqu&rsquo;\u00e0 la m\u00e9diath\u00e8que de Mouthiers rien que pour nous ! A travers un atelier et des lectures, venez d\u00e9couvrir les coutumes, les arts et les l\u00e9gendes de l&rsquo;Afrique, de l&rsquo;Am\u00e9rique, de l&rsquo;Asie et de l&rsquo;Oc\u00e9anie, tous les jeudis de juillet \u00e0 10h !<\/em><br><\/p>\n\n\n\n<p class=\"has-text-align-center\"><strong>Jeudi 8 juillet : L&rsquo;Am\u00e9rique<\/strong><\/p>\n\n\n\n<p class=\"has-text-align-center\"><strong>Jeudi 15 juillet : L&rsquo;Afrique<\/strong><\/p>\n\n\n\n<p class=\"has-text-align-center\"><strong>Jeudi 22 juillet : L&rsquo;Asie<\/strong><\/p>\n\n\n\n<p class=\"has-text-align-center\"><strong>Jeudi 29 juillet : L&rsquo;Oc\u00e9anie<\/strong><br><\/p>\n\n\n\n<p class=\"has-text-align-center\">Ouvert \u00e0 tous \u00e0 partir de 3 ans. N&rsquo;oubliez pas de r\u00e9server.<\/p>\n\n\n\n<p class=\"has-text-align-center\">Renseignements et r\u00e9servations au 05.45.67.89.47<\/p>\n","protected":false},"excerpt":{"rendered":"<p>Puisque se rendre \u00e0 l&rsquo;autre bout du monde en ce moment est un peu compliqu\u00e9&#8230; Quelques continents vont faire le d\u00e9placement jusqu&rsquo;\u00e0 la m\u00e9diath\u00e8que de Mouthiers rien que pour nous ! A travers un atelier et des lectures, venez d\u00e9couvrir les coutumes, les arts et les l\u00e9gendes de l&rsquo;Afrique, de l&rsquo;Am\u00e9rique, de l&rsquo;Asie et de &hellip; <a href=\"https:\/\/www.mouthiers-sur-boeme.fr\/?p=8579\" class=\"more-link\">Continuer la lecture de <span class=\"screen-reader-text\">Les ateliers cr\u00e9atifs de l&rsquo;\u00e9t\u00e9<\/span>  <span class=\"meta-nav\">&rarr;<\/span><\/a><\/p>\n","protected":false},"author":22,"featured_media":8580,"comment_status":"open","ping_status":"open","sticky":false,"template":"","format":"standard","meta":[],"categories":[20,83],"tags":[],"_links":{"self":[{"href":"https:\/\/www.mouthiers-sur-boeme.fr\/index.php?rest_route=\/wp\/v2\/posts\/8579"}],"collection":[{"href":"https:\/\/www.mouthiers-sur-boeme.fr\/index.php?rest_route=\/wp\/v2\/posts"}],"about":[{"href":"https:\/\/www.mouthiers-sur-boeme.fr\/index.php?rest_route=\/wp\/v2\/types\/post"}],"author":[{"embeddable":true,"href":"https:\/\/www.mouthiers-sur-boeme.fr\/index.php?rest_route=\/wp\/v2\/users\/22"}],"replies":[{"embeddable":true,"href":"https:\/\/www.mouthiers-sur-boeme.fr\/index.php?rest_route=%2Fwp%2Fv2%2Fcomments&post=8579"}],"version-history":[{"count":1,"href":"https:\/\/www.mouthiers-sur-boeme.fr\/index.php?rest_route=\/wp\/v2\/posts\/8579\/revisions"}],"predecessor-version":[{"id":8581,"href":"https:\/\/www.mouthiers-sur-boeme.fr\/index.php?rest_route=\/wp\/v2\/posts\/8579\/revisions\/8581"}],"wp:featuredmedia":[{"embeddable":true,"href":"https:\/\/www.mouthiers-sur-boeme.fr\/index.php?rest_route=\/wp\/v2\/media\/8580"}],"wp:attachment":[{"href":"https:\/\/www.mouthiers-sur-boeme.fr\/index.php?rest_route=%2Fwp%2Fv2%2Fmedia&parent=8579"}],"wp:term":[{"taxonomy":"category","embeddable":true,"href":"https:\/\/www.mouthiers-sur-boeme.fr\/index.php?rest_route=%2Fwp%2Fv2%2Fcategories&post=8579"},{"taxonomy":"post_tag","embeddable":true,"href":"https:\/\/www.mouthiers-sur-boeme.fr\/index.php?rest_route=%2Fwp%2Fv2%2Ftags&post=8579"}],"curies":[{"name":"wp","href":"https:\/\/api.w.org\/{rel}","templated":true}]}}