{"id":8601,"date":"2021-07-23T16:54:01","date_gmt":"2021-07-23T15:54:01","guid":{"rendered":"https:\/\/www.mouthiers-sur-boeme.fr\/?p=8601"},"modified":"2021-08-22T08:57:19","modified_gmt":"2021-08-22T07:57:19","slug":"soirs-bleus-24-juillet-2","status":"publish","type":"post","link":"https:\/\/www.mouthiers-sur-boeme.fr\/?p=8601","title":{"rendered":"SOIRS BLEUS 24 JUILLET"},"content":{"rendered":"\n<p>En raison de la mise en application du pass sanitaire, le spectacle \u00ab\u00a0VIA\u00a0\u00bb de la Compagnie les M\u00e9langeurs pr\u00e9vu \u00e0 20h30 est annul\u00e9. Les animations programm\u00e9es sur l&rsquo;apr\u00e8s-midi aussi. Seules les expositions \u00e0 la m\u00e9diath\u00e8que sont maintenues.<\/p>\n","protected":false},"excerpt":{"rendered":"<p>En raison de la mise en application du pass sanitaire, le spectacle \u00ab\u00a0VIA\u00a0\u00bb de la Compagnie les M\u00e9langeurs pr\u00e9vu \u00e0 20h30 est annul\u00e9. Les animations programm\u00e9es sur l&rsquo;apr\u00e8s-midi aussi. Seules les expositions \u00e0 la m\u00e9diath\u00e8que sont maintenues.<\/p>\n","protected":false},"author":22,"featured_media":0,"comment_status":"open","ping_status":"open","sticky":false,"template":"","format":"standard","meta":[],"categories":[85],"tags":[],"_links":{"self":[{"href":"https:\/\/www.mouthiers-sur-boeme.fr\/index.php?rest_route=\/wp\/v2\/posts\/8601"}],"collection":[{"href":"https:\/\/www.mouthiers-sur-boeme.fr\/index.php?rest_route=\/wp\/v2\/posts"}],"about":[{"href":"https:\/\/www.mouthiers-sur-boeme.fr\/index.php?rest_route=\/wp\/v2\/types\/post"}],"author":[{"embeddable":true,"href":"https:\/\/www.mouthiers-sur-boeme.fr\/index.php?rest_route=\/wp\/v2\/users\/22"}],"replies":[{"embeddable":true,"href":"https:\/\/www.mouthiers-sur-boeme.fr\/index.php?rest_route=%2Fwp%2Fv2%2Fcomments&post=8601"}],"version-history":[{"count":1,"href":"https:\/\/www.mouthiers-sur-boeme.fr\/index.php?rest_route=\/wp\/v2\/posts\/8601\/revisions"}],"predecessor-version":[{"id":8602,"href":"https:\/\/www.mouthiers-sur-boeme.fr\/index.php?rest_route=\/wp\/v2\/posts\/8601\/revisions\/8602"}],"wp:attachment":[{"href":"https:\/\/www.mouthiers-sur-boeme.fr\/index.php?rest_route=%2Fwp%2Fv2%2Fmedia&parent=8601"}],"wp:term":[{"taxonomy":"category","embeddable":true,"href":"https:\/\/www.mouthiers-sur-boeme.fr\/index.php?rest_route=%2Fwp%2Fv2%2Fcategories&post=8601"},{"taxonomy":"post_tag","embeddable":true,"href":"https:\/\/www.mouthiers-sur-boeme.fr\/index.php?rest_route=%2Fwp%2Fv2%2Ftags&post=8601"}],"curies":[{"name":"wp","href":"https:\/\/api.w.org\/{rel}","templated":true}]}}