{"id":8603,"date":"2021-07-29T04:46:41","date_gmt":"2021-07-29T03:46:41","guid":{"rendered":"https:\/\/www.mouthiers-sur-boeme.fr\/?p=8603"},"modified":"2021-09-15T21:23:17","modified_gmt":"2021-09-15T20:23:17","slug":"prix-du-premier-roman-de-horte-et-tardoire","status":"publish","type":"post","link":"https:\/\/www.mouthiers-sur-boeme.fr\/?p=8603","title":{"rendered":"Prix du premier roman de horte et tardoire"},"content":{"rendered":"\n<p>Les biblioth\u00e8ques du r\u00e9seau Papillon Lecture participent cette ann\u00e9e au Prix du premier roman de Villebois. Si vous souhaitez y participer et donc lire la s\u00e9lection inscrivez-vous aupr\u00e8s des biblioth\u00e8caires. La s\u00e9lection est \u00e0 lire avant fin d\u00e9cembre 2021.<\/p>\n\n\n\n<p>Bonne lecture.<\/p>\n\n\n\n<p>M\u00e9diath\u00e8que de Mouthiers 05 45 67 89 47<\/p>\n\n\n\n<p>\u00ab\u00a0B\u00e9nie soit Sixtine\u00a0\u00bb de Maylis Adh\u00e9mar &#8211; Ed. Julliard<\/p>\n\n\n\n<p>\u00ab\u00a0Les coeurs pleins\u00a0\u00bb de Lauriane Bordenave &#8211; Ed. Latt\u00e8s<\/p>\n\n\n\n<p>\u00ab\u00a0La cuill\u00e8re\u00a0\u00bb de Dany H\u00e9ricourt &#8211; Ed. Liana Levi<\/p>\n\n\n\n<p>\u00ab\u00a0Ce qu&rsquo;il faut de nuit\u00a0\u00bb de Laurent Petitmangin &#8211; Ed. La Manufacture des livres<\/p>\n\n\n\n<p>\u00ab\u00a0On ne touche pas\u00a0\u00bb de Ketty Rouf &#8211; Ed. Albin Michel<\/p>\n\n\n\n<p>\u00ab\u00a0Le m\u00e9tier de mourir\u00a0\u00bb de Jean-Ren\u00e9 Van der Plaetsen &#8211; Ed. Grasset<\/p>\n\n\n\n<p class=\"has-green-color has-text-color has-medium-font-size\">Plus d&rsquo;informations sur le site du<a href=\"https:\/\/sdl16.lacharente.fr\/default\/le-prix-des-lecteurs-du-1er-roman.aspx?_lg=fr-FR#\"> SDL 16<\/a><\/p>\n\n\n\n<p><\/p>\n\n\n\n<p><\/p>\n","protected":false},"excerpt":{"rendered":"<p>Les biblioth\u00e8ques du r\u00e9seau Papillon Lecture participent cette ann\u00e9e au Prix du premier roman de Villebois. Si vous souhaitez y participer et donc lire la s\u00e9lection inscrivez-vous aupr\u00e8s des biblioth\u00e8caires. La s\u00e9lection est \u00e0 lire avant fin d\u00e9cembre 2021. Bonne lecture. M\u00e9diath\u00e8que de Mouthiers 05 45 67 89 47 \u00ab\u00a0B\u00e9nie soit Sixtine\u00a0\u00bb de Maylis Adh\u00e9mar &hellip; <a href=\"https:\/\/www.mouthiers-sur-boeme.fr\/?p=8603\" class=\"more-link\">Continuer la lecture de <span class=\"screen-reader-text\">Prix du premier roman de horte et tardoire<\/span>  <span class=\"meta-nav\">&rarr;<\/span><\/a><\/p>\n","protected":false},"author":22,"featured_media":0,"comment_status":"open","ping_status":"open","sticky":false,"template":"","format":"standard","meta":[],"categories":[20],"tags":[],"_links":{"self":[{"href":"https:\/\/www.mouthiers-sur-boeme.fr\/index.php?rest_route=\/wp\/v2\/posts\/8603"}],"collection":[{"href":"https:\/\/www.mouthiers-sur-boeme.fr\/index.php?rest_route=\/wp\/v2\/posts"}],"about":[{"href":"https:\/\/www.mouthiers-sur-boeme.fr\/index.php?rest_route=\/wp\/v2\/types\/post"}],"author":[{"embeddable":true,"href":"https:\/\/www.mouthiers-sur-boeme.fr\/index.php?rest_route=\/wp\/v2\/users\/22"}],"replies":[{"embeddable":true,"href":"https:\/\/www.mouthiers-sur-boeme.fr\/index.php?rest_route=%2Fwp%2Fv2%2Fcomments&post=8603"}],"version-history":[{"count":8,"href":"https:\/\/www.mouthiers-sur-boeme.fr\/index.php?rest_route=\/wp\/v2\/posts\/8603\/revisions"}],"predecessor-version":[{"id":8618,"href":"https:\/\/www.mouthiers-sur-boeme.fr\/index.php?rest_route=\/wp\/v2\/posts\/8603\/revisions\/8618"}],"wp:attachment":[{"href":"https:\/\/www.mouthiers-sur-boeme.fr\/index.php?rest_route=%2Fwp%2Fv2%2Fmedia&parent=8603"}],"wp:term":[{"taxonomy":"category","embeddable":true,"href":"https:\/\/www.mouthiers-sur-boeme.fr\/index.php?rest_route=%2Fwp%2Fv2%2Fcategories&post=8603"},{"taxonomy":"post_tag","embeddable":true,"href":"https:\/\/www.mouthiers-sur-boeme.fr\/index.php?rest_route=%2Fwp%2Fv2%2Ftags&post=8603"}],"curies":[{"name":"wp","href":"https:\/\/api.w.org\/{rel}","templated":true}]}}