{"id":8628,"date":"2021-08-28T08:54:03","date_gmt":"2021-08-28T07:54:03","guid":{"rendered":"https:\/\/www.mouthiers-sur-boeme.fr\/?p=8628"},"modified":"2021-10-10T09:27:42","modified_gmt":"2021-10-10T08:27:42","slug":"jeudi-16-septembre","status":"publish","type":"post","link":"https:\/\/www.mouthiers-sur-boeme.fr\/?p=8628","title":{"rendered":"Jeudi 16 septembre 20H30"},"content":{"rendered":"\n<figure class=\"wp-block-image size-large\"><a href=\"https:\/\/www.mouthiers-sur-boeme.fr\/wp-content\/uploads\/2021\/08\/affiche-Pass-sanitaire-et-CB-Cinema.jpg\"><img loading=\"lazy\" width=\"577\" height=\"777\" src=\"https:\/\/www.mouthiers-sur-boeme.fr\/wp-content\/uploads\/2021\/08\/affiche-Pass-sanitaire-et-CB-Cinema.jpg\" alt=\"\" class=\"wp-image-8639\" srcset=\"https:\/\/www.mouthiers-sur-boeme.fr\/wp-content\/uploads\/2021\/08\/affiche-Pass-sanitaire-et-CB-Cinema.jpg 577w, https:\/\/www.mouthiers-sur-boeme.fr\/wp-content\/uploads\/2021\/08\/affiche-Pass-sanitaire-et-CB-Cinema-223x300.jpg 223w\" sizes=\"(max-width: 577px) 100vw, 577px\" \/><\/a><\/figure>\n\n\n\n<h1>Des hommes<\/h1>\n\n\n\n<p>De <strong>Lucas Belvaux<\/strong><br>Avec <strong>G\u00e9rard Depardieu, Catherine Frot, Jean-Pierre Darroussin<\/strong><br>Genre <strong>Drame, Historique<\/strong><br>Dur\u00e9e <strong>1h 41<\/strong><\/p>\n\n\n\n<hr class=\"wp-block-separator\"\/>\n\n\n\n<p>Avertissement&nbsp;: des sc\u00e8nes, des propos ou des images peuvent heurter la sensibilit\u00e9 des spectateurs<br>Ils ont \u00e9t\u00e9 appel\u00e9s en Alg\u00e9rie au moment des \u00ab\u00a0\u00e9v\u00e9nements\u00a0\u00bb en 1960. Deux ans plus tard, Bernard, Rabut, F\u00e9vrier et d\u2019autres sont rentr\u00e9s en France. Ils se sont tus, ils ont v\u00e9cu leurs vies. Mais parfois il suffit de presque rien, d\u2019une journ\u00e9e d\u2019anniversaire, d\u2019un cadeau qui tient dans la poche, pour que quarante ans apr\u00e8s, le pass\u00e9 fasse irruption dans la vie de ceux qui ont cru pouvoir le nier.<\/p>\n\n\n\n<figure class=\"wp-block-image size-large\"><a href=\"https:\/\/www.mouthiers-sur-boeme.fr\/wp-content\/uploads\/2021\/08\/Affiche-22Des-hommes22.jpg\"><img src=\"https:\/\/www.mouthiers-sur-boeme.fr\/wp-content\/uploads\/2021\/08\/Affiche-22Des-hommes22.jpg\" alt=\"\" class=\"wp-image-8631\"\/><\/a><\/figure>\n","protected":false},"excerpt":{"rendered":"<p>Des hommes De Lucas BelvauxAvec G\u00e9rard Depardieu, Catherine Frot, Jean-Pierre DarroussinGenre Drame, HistoriqueDur\u00e9e 1h 41 Avertissement&nbsp;: des sc\u00e8nes, des propos ou des images peuvent heurter la sensibilit\u00e9 des spectateursIls ont \u00e9t\u00e9 appel\u00e9s en Alg\u00e9rie au moment des \u00ab\u00a0\u00e9v\u00e9nements\u00a0\u00bb en 1960. Deux ans plus tard, Bernard, Rabut, F\u00e9vrier et d\u2019autres sont rentr\u00e9s en France. Ils se &hellip; <a href=\"https:\/\/www.mouthiers-sur-boeme.fr\/?p=8628\" class=\"more-link\">Continuer la lecture de <span class=\"screen-reader-text\">Jeudi 16 septembre 20H30<\/span>  <span class=\"meta-nav\">&rarr;<\/span><\/a><\/p>\n","protected":false},"author":22,"featured_media":0,"comment_status":"open","ping_status":"open","sticky":false,"template":"","format":"standard","meta":[],"categories":[65,71],"tags":[],"_links":{"self":[{"href":"https:\/\/www.mouthiers-sur-boeme.fr\/index.php?rest_route=\/wp\/v2\/posts\/8628"}],"collection":[{"href":"https:\/\/www.mouthiers-sur-boeme.fr\/index.php?rest_route=\/wp\/v2\/posts"}],"about":[{"href":"https:\/\/www.mouthiers-sur-boeme.fr\/index.php?rest_route=\/wp\/v2\/types\/post"}],"author":[{"embeddable":true,"href":"https:\/\/www.mouthiers-sur-boeme.fr\/index.php?rest_route=\/wp\/v2\/users\/22"}],"replies":[{"embeddable":true,"href":"https:\/\/www.mouthiers-sur-boeme.fr\/index.php?rest_route=%2Fwp%2Fv2%2Fcomments&post=8628"}],"version-history":[{"count":6,"href":"https:\/\/www.mouthiers-sur-boeme.fr\/index.php?rest_route=\/wp\/v2\/posts\/8628\/revisions"}],"predecessor-version":[{"id":8641,"href":"https:\/\/www.mouthiers-sur-boeme.fr\/index.php?rest_route=\/wp\/v2\/posts\/8628\/revisions\/8641"}],"wp:attachment":[{"href":"https:\/\/www.mouthiers-sur-boeme.fr\/index.php?rest_route=%2Fwp%2Fv2%2Fmedia&parent=8628"}],"wp:term":[{"taxonomy":"category","embeddable":true,"href":"https:\/\/www.mouthiers-sur-boeme.fr\/index.php?rest_route=%2Fwp%2Fv2%2Fcategories&post=8628"},{"taxonomy":"post_tag","embeddable":true,"href":"https:\/\/www.mouthiers-sur-boeme.fr\/index.php?rest_route=%2Fwp%2Fv2%2Ftags&post=8628"}],"curies":[{"name":"wp","href":"https:\/\/api.w.org\/{rel}","templated":true}]}}