{"id":8645,"date":"2021-08-31T08:51:02","date_gmt":"2021-08-31T07:51:02","guid":{"rendered":"https:\/\/www.mouthiers-sur-boeme.fr\/?p=8645"},"modified":"2021-09-29T09:02:03","modified_gmt":"2021-09-29T08:02:03","slug":"portes-ouvertes","status":"publish","type":"post","link":"https:\/\/www.mouthiers-sur-boeme.fr\/?p=8645","title":{"rendered":"11 septembre 2021"},"content":{"rendered":"\n<p>J<strong>ourn\u00e9e Portes Ouvertes \u00e0 la MJC le 11 septembre de 10h \u00e0 13H<\/strong><\/p>\n\n\n\n<p><strong>La MJC sera ouverte pour les inscriptions <strong>le samedi suivant<\/strong>.<\/strong><\/p>\n\n\n\n<figure class=\"wp-block-image size-large\"><a href=\"https:\/\/www.mouthiers-sur-boeme.fr\/wp-content\/uploads\/2021\/09\/Flyer-Portes-ouvertesMJC_JulesBerry_v2ROGNE-A5.bmp\"><img loading=\"lazy\" width=\"420\" height=\"595\" src=\"https:\/\/www.mouthiers-sur-boeme.fr\/wp-content\/uploads\/2021\/09\/Flyer-Portes-ouvertesMJC_JulesBerry_v2ROGNE-A5.bmp\" alt=\"\" class=\"wp-image-8653\" srcset=\"https:\/\/www.mouthiers-sur-boeme.fr\/wp-content\/uploads\/2021\/09\/Flyer-Portes-ouvertesMJC_JulesBerry_v2ROGNE-A5.bmp 420w, https:\/\/www.mouthiers-sur-boeme.fr\/wp-content\/uploads\/2021\/09\/Flyer-Portes-ouvertesMJC_JulesBerry_v2ROGNE-A5-212x300.jpg 212w\" sizes=\"(max-width: 420px) 100vw, 420px\" \/><\/a><\/figure>\n","protected":false},"excerpt":{"rendered":"<p>Journ\u00e9e Portes Ouvertes \u00e0 la MJC le 11 septembre de 10h \u00e0 13H La MJC sera ouverte pour les inscriptions le samedi suivant.<\/p>\n","protected":false},"author":22,"featured_media":8651,"comment_status":"open","ping_status":"open","sticky":false,"template":"","format":"standard","meta":[],"categories":[71],"tags":[],"_links":{"self":[{"href":"https:\/\/www.mouthiers-sur-boeme.fr\/index.php?rest_route=\/wp\/v2\/posts\/8645"}],"collection":[{"href":"https:\/\/www.mouthiers-sur-boeme.fr\/index.php?rest_route=\/wp\/v2\/posts"}],"about":[{"href":"https:\/\/www.mouthiers-sur-boeme.fr\/index.php?rest_route=\/wp\/v2\/types\/post"}],"author":[{"embeddable":true,"href":"https:\/\/www.mouthiers-sur-boeme.fr\/index.php?rest_route=\/wp\/v2\/users\/22"}],"replies":[{"embeddable":true,"href":"https:\/\/www.mouthiers-sur-boeme.fr\/index.php?rest_route=%2Fwp%2Fv2%2Fcomments&post=8645"}],"version-history":[{"count":3,"href":"https:\/\/www.mouthiers-sur-boeme.fr\/index.php?rest_route=\/wp\/v2\/posts\/8645\/revisions"}],"predecessor-version":[{"id":8654,"href":"https:\/\/www.mouthiers-sur-boeme.fr\/index.php?rest_route=\/wp\/v2\/posts\/8645\/revisions\/8654"}],"wp:featuredmedia":[{"embeddable":true,"href":"https:\/\/www.mouthiers-sur-boeme.fr\/index.php?rest_route=\/wp\/v2\/media\/8651"}],"wp:attachment":[{"href":"https:\/\/www.mouthiers-sur-boeme.fr\/index.php?rest_route=%2Fwp%2Fv2%2Fmedia&parent=8645"}],"wp:term":[{"taxonomy":"category","embeddable":true,"href":"https:\/\/www.mouthiers-sur-boeme.fr\/index.php?rest_route=%2Fwp%2Fv2%2Fcategories&post=8645"},{"taxonomy":"post_tag","embeddable":true,"href":"https:\/\/www.mouthiers-sur-boeme.fr\/index.php?rest_route=%2Fwp%2Fv2%2Ftags&post=8645"}],"curies":[{"name":"wp","href":"https:\/\/api.w.org\/{rel}","templated":true}]}}