{"id":8673,"date":"2021-09-15T21:08:51","date_gmt":"2021-09-15T20:08:51","guid":{"rendered":"https:\/\/www.mouthiers-sur-boeme.fr\/?p=8673"},"modified":"2021-10-10T09:27:18","modified_gmt":"2021-10-10T08:27:18","slug":"spectacle-au-fil-du-conte","status":"publish","type":"post","link":"https:\/\/www.mouthiers-sur-boeme.fr\/?p=8673","title":{"rendered":"Spectacle au fil du conte       30 SEPTEMBRE"},"content":{"rendered":"\n<p>Dans le cadre du Festival Au Fil du Conte 2021, nous vous proposons le spectacle<strong> <em>Loup\u00e9<\/em> de Gilles Bizouerne et Elsa Guiet<\/strong><\/p>\n\n\n\n<p class=\"has-text-align-center has-text-color\" style=\"color:#dc1237\"><strong>Jeudi 30 Septembre \u00e0 18h30<\/strong><\/p>\n\n\n\n<p class=\"has-text-align-center has-text-color\" style=\"color:#dc1237\"><strong>\u00e0 la salle Gilles Ploquin de Mouthiers<\/strong><\/p>\n\n\n\n<p><em>Zut ! Loup Gris vient d&rsquo;avaler une mouche, il se dit : \u00ab\u00a0Comment ze vais faire pour m&rsquo;en d\u00e9barrazer ?\u00a0\u00bb En voil\u00e0 une bonne question ? D\u00e9couvrez le comment du pourquoi du parce que et d&rsquo;autres aventures surprenantes.<\/em><\/p>\n\n\n\n<p><em>Un univers color\u00e9 et cocasse au pays des anti-h\u00e9ros, des histoires truculentes avec de sacr\u00e9s zigotos. Tout \u00e7a racont\u00e9 en musique par un fac\u00e9tieux duo. <\/em><\/p>\n\n\n\n<p class=\"has-text-color\" style=\"color:#e60a2f\"><strong>&nbsp;Spectacle \u00e0 partir de 5 ans. Gratuit. <\/strong><\/p>\n\n\n\n<p class=\"has-text-color\" style=\"color:#d20b30\"><strong>R\u00e9servations obligatoires. Pass sanitaire obligatoire.<\/strong><\/p>\n\n\n\n<p class=\"has-text-color\" style=\"color:#d20b30\"><strong>Pour plus de renseignements n&rsquo;h\u00e9sitez pas \u00e0 nous contacter !<\/strong><\/p>\n","protected":false},"excerpt":{"rendered":"<p>Dans le cadre du Festival Au Fil du Conte 2021, nous vous proposons le spectacle Loup\u00e9 de Gilles Bizouerne et Elsa Guiet Jeudi 30 Septembre \u00e0 18h30 \u00e0 la salle Gilles Ploquin de Mouthiers Zut ! Loup Gris vient d&rsquo;avaler une mouche, il se dit : \u00ab\u00a0Comment ze vais faire pour m&rsquo;en d\u00e9barrazer ?\u00a0\u00bb En &hellip; <a href=\"https:\/\/www.mouthiers-sur-boeme.fr\/?p=8673\" class=\"more-link\">Continuer la lecture de <span class=\"screen-reader-text\">Spectacle au fil du conte       30 SEPTEMBRE<\/span>  <span class=\"meta-nav\">&rarr;<\/span><\/a><\/p>\n","protected":false},"author":22,"featured_media":0,"comment_status":"open","ping_status":"open","sticky":false,"template":"","format":"standard","meta":[],"categories":[20,82],"tags":[],"_links":{"self":[{"href":"https:\/\/www.mouthiers-sur-boeme.fr\/index.php?rest_route=\/wp\/v2\/posts\/8673"}],"collection":[{"href":"https:\/\/www.mouthiers-sur-boeme.fr\/index.php?rest_route=\/wp\/v2\/posts"}],"about":[{"href":"https:\/\/www.mouthiers-sur-boeme.fr\/index.php?rest_route=\/wp\/v2\/types\/post"}],"author":[{"embeddable":true,"href":"https:\/\/www.mouthiers-sur-boeme.fr\/index.php?rest_route=\/wp\/v2\/users\/22"}],"replies":[{"embeddable":true,"href":"https:\/\/www.mouthiers-sur-boeme.fr\/index.php?rest_route=%2Fwp%2Fv2%2Fcomments&post=8673"}],"version-history":[{"count":2,"href":"https:\/\/www.mouthiers-sur-boeme.fr\/index.php?rest_route=\/wp\/v2\/posts\/8673\/revisions"}],"predecessor-version":[{"id":8685,"href":"https:\/\/www.mouthiers-sur-boeme.fr\/index.php?rest_route=\/wp\/v2\/posts\/8673\/revisions\/8685"}],"wp:attachment":[{"href":"https:\/\/www.mouthiers-sur-boeme.fr\/index.php?rest_route=%2Fwp%2Fv2%2Fmedia&parent=8673"}],"wp:term":[{"taxonomy":"category","embeddable":true,"href":"https:\/\/www.mouthiers-sur-boeme.fr\/index.php?rest_route=%2Fwp%2Fv2%2Fcategories&post=8673"},{"taxonomy":"post_tag","embeddable":true,"href":"https:\/\/www.mouthiers-sur-boeme.fr\/index.php?rest_route=%2Fwp%2Fv2%2Ftags&post=8673"}],"curies":[{"name":"wp","href":"https:\/\/api.w.org\/{rel}","templated":true}]}}