{"id":8728,"date":"2021-10-17T07:53:29","date_gmt":"2021-10-17T06:53:29","guid":{"rendered":"https:\/\/www.mouthiers-sur-boeme.fr\/?p=8728"},"modified":"2021-11-05T09:42:43","modified_gmt":"2021-11-05T08:42:43","slug":"automne-en-braconne-28-octobre","status":"publish","type":"post","link":"https:\/\/www.mouthiers-sur-boeme.fr\/?p=8728","title":{"rendered":"AUTOMNE EN BRACONNE 28 OCTOBRE"},"content":{"rendered":"\n<figure class=\"wp-block-image size-large\"><a href=\"https:\/\/www.mouthiers-sur-boeme.fr\/wp-content\/uploads\/2021\/10\/automne-en-braconne-2021.jpg\"><img loading=\"lazy\" width=\"362\" height=\"512\" src=\"https:\/\/www.mouthiers-sur-boeme.fr\/wp-content\/uploads\/2021\/10\/automne-en-braconne-2021.jpg\" alt=\"\" class=\"wp-image-8734\" srcset=\"https:\/\/www.mouthiers-sur-boeme.fr\/wp-content\/uploads\/2021\/10\/automne-en-braconne-2021.jpg 362w, https:\/\/www.mouthiers-sur-boeme.fr\/wp-content\/uploads\/2021\/10\/automne-en-braconne-2021-212x300.jpg 212w\" sizes=\"(max-width: 362px) 100vw, 362px\" \/><\/a><\/figure>\n\n\n\n<p>Dans le cadre d&rsquo;Automne en Braconne, le 28 octobre :<\/p>\n\n\n\n<p><strong>18h00 MJC Jules  Berry  &#8211; conf\u00e9rence <\/strong>: L&rsquo;Angoumois, la soci\u00e9t\u00e9 de plantation et l&rsquo;esclavage \u00e0 Saint-Domingue (XVIIe &#8211; XVIIIe si\u00e8cle) par Jean-Christophe Temdaoui, Docteur en histoire moderne, professeur d&rsquo;histoire g\u00e9ographie. Organis\u00e9e par Pays d&rsquo;Art et d&rsquo;Histoire.<\/p>\n\n\n\n<p>R\u00e9servation : M\u00e9diath\u00e8que 05 45 67 89 47 &#8211; Gratuit<\/p>\n\n\n\n<p><strong>20h30 Salle Gilles Ploquin &#8211; Spectacle : NOIRE Tania de Montaigne<\/strong><\/p>\n\n\n\n<p>Avant Rosa Parks, en mars 1955, Claudette Colvin, jeune Noire d&rsquo;Alabama, dit non : elle ne c\u00e8de pas dans le bus sa place \u00e0 un blanc. Noire est l&rsquo;histoire de cette h\u00e9ro\u00efne de quinze ans, toujours vivante, et presque m\u00e9connue. Noire est le portrait d&rsquo;une ville l\u00e9gendaire, o\u00f9 se croisent Martin Luther King, pasteur de vingt-six ans et Rosa Parks, couturi\u00e8re de quarante ans, pas encore M\u00e8re du mouvement des droits civiques. Noire est le r\u00e9cit d&rsquo;un combat qui dure encore contre la violence raciste et l&rsquo;arbitraire. Tania de Montaigne s&#8217;empare de son propre texte et fait entrer l&rsquo;auditoire dans la peau de son h\u00e9ro\u00efne.<\/p>\n\n\n\n<p>Spectacle \u00e0 partir de 12 ans. Tarifs : 10 et 5 euros.<\/p>\n\n\n\n<p>Sur place Librairie Lilosimages.<\/p>\n\n\n\n<p><a rel=\"noreferrer noopener\" href=\"http:\/\/www.marsenbraconne.fr\/\" data-type=\"URL\" data-id=\"http:\/\/www.marsenbraconne.fr\/\" target=\"_blank\">Programmation ic<\/a><a href=\"http:\/\/www.marsenbraconne.fr\/\" data-type=\"URL\" data-id=\"http:\/\/www.marsenbraconne.fr\/\" target=\"_blank\" rel=\"noreferrer noopener\">i<\/a><\/p>\n\n\n\n<p> <\/p>\n","protected":false},"excerpt":{"rendered":"<p>Dans le cadre d&rsquo;Automne en Braconne, le 28 octobre : 18h00 MJC Jules Berry &#8211; conf\u00e9rence : L&rsquo;Angoumois, la soci\u00e9t\u00e9 de plantation et l&rsquo;esclavage \u00e0 Saint-Domingue (XVIIe &#8211; XVIIIe si\u00e8cle) par Jean-Christophe Temdaoui, Docteur en histoire moderne, professeur d&rsquo;histoire g\u00e9ographie. Organis\u00e9e par Pays d&rsquo;Art et d&rsquo;Histoire. R\u00e9servation : M\u00e9diath\u00e8que 05 45 67 89 47 &#8211; &hellip; <a href=\"https:\/\/www.mouthiers-sur-boeme.fr\/?p=8728\" class=\"more-link\">Continuer la lecture de <span class=\"screen-reader-text\">AUTOMNE EN BRACONNE 28 OCTOBRE<\/span>  <span class=\"meta-nav\">&rarr;<\/span><\/a><\/p>\n","protected":false},"author":22,"featured_media":0,"comment_status":"open","ping_status":"open","sticky":false,"template":"","format":"standard","meta":[],"categories":[85,83,82],"tags":[],"_links":{"self":[{"href":"https:\/\/www.mouthiers-sur-boeme.fr\/index.php?rest_route=\/wp\/v2\/posts\/8728"}],"collection":[{"href":"https:\/\/www.mouthiers-sur-boeme.fr\/index.php?rest_route=\/wp\/v2\/posts"}],"about":[{"href":"https:\/\/www.mouthiers-sur-boeme.fr\/index.php?rest_route=\/wp\/v2\/types\/post"}],"author":[{"embeddable":true,"href":"https:\/\/www.mouthiers-sur-boeme.fr\/index.php?rest_route=\/wp\/v2\/users\/22"}],"replies":[{"embeddable":true,"href":"https:\/\/www.mouthiers-sur-boeme.fr\/index.php?rest_route=%2Fwp%2Fv2%2Fcomments&post=8728"}],"version-history":[{"count":4,"href":"https:\/\/www.mouthiers-sur-boeme.fr\/index.php?rest_route=\/wp\/v2\/posts\/8728\/revisions"}],"predecessor-version":[{"id":8736,"href":"https:\/\/www.mouthiers-sur-boeme.fr\/index.php?rest_route=\/wp\/v2\/posts\/8728\/revisions\/8736"}],"wp:attachment":[{"href":"https:\/\/www.mouthiers-sur-boeme.fr\/index.php?rest_route=%2Fwp%2Fv2%2Fmedia&parent=8728"}],"wp:term":[{"taxonomy":"category","embeddable":true,"href":"https:\/\/www.mouthiers-sur-boeme.fr\/index.php?rest_route=%2Fwp%2Fv2%2Fcategories&post=8728"},{"taxonomy":"post_tag","embeddable":true,"href":"https:\/\/www.mouthiers-sur-boeme.fr\/index.php?rest_route=%2Fwp%2Fv2%2Ftags&post=8728"}],"curies":[{"name":"wp","href":"https:\/\/api.w.org\/{rel}","templated":true}]}}