{"id":8740,"date":"2021-10-31T10:14:58","date_gmt":"2021-10-31T09:14:58","guid":{"rendered":"https:\/\/www.mouthiers-sur-boeme.fr\/?p=8740"},"modified":"2022-01-30T11:16:24","modified_gmt":"2022-01-30T10:16:24","slug":"commission-agriculture","status":"publish","type":"post","link":"https:\/\/www.mouthiers-sur-boeme.fr\/?p=8740","title":{"rendered":"Commission Agriculture"},"content":{"rendered":"\n<p><strong>En lien avec la commission Agriculture de Grand Angoul\u00eame, la Chambre d\u2019Agriculture et la MSA<\/strong>, proposent <strong>des rendez-vous individuels et gratuits, aux agriculteurs proches de la retraite.<\/strong><\/p>\n\n\n\n<p>Cette op\u00e9ration, d\u00e9clin\u00e9e <strong><u>sur 6 journ\u00e9es et 6 communes<\/u><\/strong>, se veut permettre aux agriculteurs de b\u00e9n\u00e9ficier, durant une heure, d\u2019un accompagnement individualis\u00e9 pour anticiper sereinement une fin d\u2019activit\u00e9.<\/p>\n\n\n\n<figure class=\"wp-block-image size-large\"><a href=\"https:\/\/www.mouthiers-sur-boeme.fr\/wp-content\/uploads\/2021\/10\/RDV-MSA-Chbre-Agri.-Affiche-A3-V5.jpg\"><img loading=\"lazy\" width=\"724\" height=\"1024\" src=\"https:\/\/www.mouthiers-sur-boeme.fr\/wp-content\/uploads\/2021\/10\/RDV-MSA-Chbre-Agri.-Affiche-A3-V5-724x1024.jpg\" alt=\"\" class=\"wp-image-8741\" srcset=\"https:\/\/www.mouthiers-sur-boeme.fr\/wp-content\/uploads\/2021\/10\/RDV-MSA-Chbre-Agri.-Affiche-A3-V5-724x1024.jpg 724w, https:\/\/www.mouthiers-sur-boeme.fr\/wp-content\/uploads\/2021\/10\/RDV-MSA-Chbre-Agri.-Affiche-A3-V5-212x300.jpg 212w, https:\/\/www.mouthiers-sur-boeme.fr\/wp-content\/uploads\/2021\/10\/RDV-MSA-Chbre-Agri.-Affiche-A3-V5-768x1086.jpg 768w, https:\/\/www.mouthiers-sur-boeme.fr\/wp-content\/uploads\/2021\/10\/RDV-MSA-Chbre-Agri.-Affiche-A3-V5.jpg 842w\" sizes=\"(max-width: 724px) 100vw, 724px\" \/><\/a><figcaption><img src=\"https:\/\/mail.mouthiers-sur-boeme.fr\/service\/home\/~\/?auth=co&amp;loc=fr_FR&amp;id=38541&amp;part=1.2.2\" alt=\"https:\/\/mail.mouthiers-sur-boeme.fr\/service\/home\/~\/?auth=co&amp;loc=fr_FR&amp;id=38541&amp;part=1.2.2\"><\/figcaption><\/figure>\n","protected":false},"excerpt":{"rendered":"<p>En lien avec la commission Agriculture de Grand Angoul\u00eame, la Chambre d\u2019Agriculture et la MSA, proposent des rendez-vous individuels et gratuits, aux agriculteurs proches de la retraite. Cette op\u00e9ration, d\u00e9clin\u00e9e sur 6 journ\u00e9es et 6 communes, se veut permettre aux agriculteurs de b\u00e9n\u00e9ficier, durant une heure, d\u2019un accompagnement individualis\u00e9 pour anticiper sereinement une fin d\u2019activit\u00e9.<\/p>\n","protected":false},"author":22,"featured_media":8743,"comment_status":"open","ping_status":"open","sticky":false,"template":"","format":"standard","meta":[],"categories":[85,94],"tags":[],"_links":{"self":[{"href":"https:\/\/www.mouthiers-sur-boeme.fr\/index.php?rest_route=\/wp\/v2\/posts\/8740"}],"collection":[{"href":"https:\/\/www.mouthiers-sur-boeme.fr\/index.php?rest_route=\/wp\/v2\/posts"}],"about":[{"href":"https:\/\/www.mouthiers-sur-boeme.fr\/index.php?rest_route=\/wp\/v2\/types\/post"}],"author":[{"embeddable":true,"href":"https:\/\/www.mouthiers-sur-boeme.fr\/index.php?rest_route=\/wp\/v2\/users\/22"}],"replies":[{"embeddable":true,"href":"https:\/\/www.mouthiers-sur-boeme.fr\/index.php?rest_route=%2Fwp%2Fv2%2Fcomments&post=8740"}],"version-history":[{"count":1,"href":"https:\/\/www.mouthiers-sur-boeme.fr\/index.php?rest_route=\/wp\/v2\/posts\/8740\/revisions"}],"predecessor-version":[{"id":8742,"href":"https:\/\/www.mouthiers-sur-boeme.fr\/index.php?rest_route=\/wp\/v2\/posts\/8740\/revisions\/8742"}],"wp:featuredmedia":[{"embeddable":true,"href":"https:\/\/www.mouthiers-sur-boeme.fr\/index.php?rest_route=\/wp\/v2\/media\/8743"}],"wp:attachment":[{"href":"https:\/\/www.mouthiers-sur-boeme.fr\/index.php?rest_route=%2Fwp%2Fv2%2Fmedia&parent=8740"}],"wp:term":[{"taxonomy":"category","embeddable":true,"href":"https:\/\/www.mouthiers-sur-boeme.fr\/index.php?rest_route=%2Fwp%2Fv2%2Fcategories&post=8740"},{"taxonomy":"post_tag","embeddable":true,"href":"https:\/\/www.mouthiers-sur-boeme.fr\/index.php?rest_route=%2Fwp%2Fv2%2Ftags&post=8740"}],"curies":[{"name":"wp","href":"https:\/\/api.w.org\/{rel}","templated":true}]}}