{"id":8749,"date":"2021-11-05T09:37:21","date_gmt":"2021-11-05T08:37:21","guid":{"rendered":"https:\/\/www.mouthiers-sur-boeme.fr\/?p=8749"},"modified":"2021-11-14T20:48:28","modified_gmt":"2021-11-14T19:48:28","slug":"8749","status":"publish","type":"post","link":"https:\/\/www.mouthiers-sur-boeme.fr\/?p=8749","title":{"rendered":"mARDI 9 NOVEMBRE"},"content":{"rendered":"\n<p>Madame, Monsieur, Chers parents, Chers partenaires,<br>&nbsp;C&rsquo;est avec plaisir qu&rsquo;Effervescentre vous invite \u00e0 la 1\u00e8re \u00c9dition du&nbsp;<em>\u00ab\u00a0<u>Mois de la parentalit\u00e9<\/u>\u00ab\u00a0<\/em>&nbsp;qui aura lieu durant le mois de Novembre 2021&nbsp;.<\/p>\n\n\n\n<p><br>Cette ann\u00e9e, l&rsquo;\u00e9v\u00e8nement aura pour th\u00e8me \u00ab\u00a0Mes enfants et les \u00e9crans\u00a0\u00bb et a pour objectif de partager, d&rsquo;\u00e9changer et amorcer&nbsp;des r\u00e9ponses \u00e0 des situations rencontr\u00e9es.&nbsp;<br>&nbsp;Nous vous invitons, en famille, le&nbsp;<em><u>Mardi 9 Novembre 18h30<\/u><\/em>&nbsp; \u00e0 l&rsquo;<em><u>Espace 2011 de Claix<\/u>&nbsp;<\/em> pour une soir\u00e9e conviviale gratuite avec les Com\u00e9diens de la Compagnie Th\u00e9\u00e2tre en Action.&nbsp;<br>Je vous joins ci-dessous la programmation :&nbsp;<\/p>\n\n\n\n<figure class=\"wp-block-image\"><img src=\"https:\/\/docs.google.com\/uc?export=download&amp;id=1WKmRVqiSgBY9HpVg0IZD_oiZ8478KXMZ&amp;revid=0BxSV8acr8UgjOFVWRTF1TmZlSGFHcHdENmZZSEh3MW5ORDJJPQ\" alt=\"\"\/><\/figure>\n\n\n\n<figure class=\"wp-block-image size-large\"><a href=\"https:\/\/www.mouthiers-sur-boeme.fr\/wp-content\/uploads\/2021\/11\/TheatreForum_9nov21.jpg\" target=\"_blank\" rel=\"noopener\"><img loading=\"lazy\" width=\"736\" height=\"1024\" src=\"https:\/\/www.mouthiers-sur-boeme.fr\/wp-content\/uploads\/2021\/11\/TheatreForum_9nov21-736x1024.jpg\" alt=\"\" class=\"wp-image-8750\" srcset=\"https:\/\/www.mouthiers-sur-boeme.fr\/wp-content\/uploads\/2021\/11\/TheatreForum_9nov21-736x1024.jpg 736w, https:\/\/www.mouthiers-sur-boeme.fr\/wp-content\/uploads\/2021\/11\/TheatreForum_9nov21-216x300.jpg 216w, https:\/\/www.mouthiers-sur-boeme.fr\/wp-content\/uploads\/2021\/11\/TheatreForum_9nov21-768x1069.jpg 768w, https:\/\/www.mouthiers-sur-boeme.fr\/wp-content\/uploads\/2021\/11\/TheatreForum_9nov21.jpg 1006w\" sizes=\"(max-width: 736px) 100vw, 736px\" \/><\/a><\/figure>\n\n\n\n<figure class=\"wp-block-image size-large\"><a href=\"https:\/\/www.mouthiers-sur-boeme.fr\/wp-content\/uploads\/2021\/11\/Progr_REAAP_nov21_V.jpg\" target=\"_blank\" rel=\"noopener\"><img loading=\"lazy\" width=\"733\" height=\"1024\" src=\"https:\/\/www.mouthiers-sur-boeme.fr\/wp-content\/uploads\/2021\/11\/Progr_REAAP_nov21_V-733x1024.jpg\" alt=\"\" class=\"wp-image-8751\" srcset=\"https:\/\/www.mouthiers-sur-boeme.fr\/wp-content\/uploads\/2021\/11\/Progr_REAAP_nov21_V-733x1024.jpg 733w, https:\/\/www.mouthiers-sur-boeme.fr\/wp-content\/uploads\/2021\/11\/Progr_REAAP_nov21_V-215x300.jpg 215w, https:\/\/www.mouthiers-sur-boeme.fr\/wp-content\/uploads\/2021\/11\/Progr_REAAP_nov21_V-768x1073.jpg 768w, https:\/\/www.mouthiers-sur-boeme.fr\/wp-content\/uploads\/2021\/11\/Progr_REAAP_nov21_V.jpg 1002w\" sizes=\"(max-width: 733px) 100vw, 733px\" \/><\/a><\/figure>\n","protected":false},"excerpt":{"rendered":"<p>Madame, Monsieur, Chers parents, Chers partenaires,&nbsp;C&rsquo;est avec plaisir qu&rsquo;Effervescentre vous invite \u00e0 la 1\u00e8re \u00c9dition du&nbsp;\u00ab\u00a0Mois de la parentalit\u00e9\u00ab\u00a0&nbsp;qui aura lieu durant le mois de Novembre 2021&nbsp;. Cette ann\u00e9e, l&rsquo;\u00e9v\u00e8nement aura pour th\u00e8me \u00ab\u00a0Mes enfants et les \u00e9crans\u00a0\u00bb et a pour objectif de partager, d&rsquo;\u00e9changer et amorcer&nbsp;des r\u00e9ponses \u00e0 des situations rencontr\u00e9es.&nbsp;&nbsp;Nous vous invitons, en &hellip; <a href=\"https:\/\/www.mouthiers-sur-boeme.fr\/?p=8749\" class=\"more-link\">Continuer la lecture de <span class=\"screen-reader-text\">mARDI 9 NOVEMBRE<\/span>  <span class=\"meta-nav\">&rarr;<\/span><\/a><\/p>\n","protected":false},"author":22,"featured_media":8752,"comment_status":"open","ping_status":"open","sticky":false,"template":"","format":"standard","meta":[],"categories":[91],"tags":[],"_links":{"self":[{"href":"https:\/\/www.mouthiers-sur-boeme.fr\/index.php?rest_route=\/wp\/v2\/posts\/8749"}],"collection":[{"href":"https:\/\/www.mouthiers-sur-boeme.fr\/index.php?rest_route=\/wp\/v2\/posts"}],"about":[{"href":"https:\/\/www.mouthiers-sur-boeme.fr\/index.php?rest_route=\/wp\/v2\/types\/post"}],"author":[{"embeddable":true,"href":"https:\/\/www.mouthiers-sur-boeme.fr\/index.php?rest_route=\/wp\/v2\/users\/22"}],"replies":[{"embeddable":true,"href":"https:\/\/www.mouthiers-sur-boeme.fr\/index.php?rest_route=%2Fwp%2Fv2%2Fcomments&post=8749"}],"version-history":[{"count":3,"href":"https:\/\/www.mouthiers-sur-boeme.fr\/index.php?rest_route=\/wp\/v2\/posts\/8749\/revisions"}],"predecessor-version":[{"id":8755,"href":"https:\/\/www.mouthiers-sur-boeme.fr\/index.php?rest_route=\/wp\/v2\/posts\/8749\/revisions\/8755"}],"wp:featuredmedia":[{"embeddable":true,"href":"https:\/\/www.mouthiers-sur-boeme.fr\/index.php?rest_route=\/wp\/v2\/media\/8752"}],"wp:attachment":[{"href":"https:\/\/www.mouthiers-sur-boeme.fr\/index.php?rest_route=%2Fwp%2Fv2%2Fmedia&parent=8749"}],"wp:term":[{"taxonomy":"category","embeddable":true,"href":"https:\/\/www.mouthiers-sur-boeme.fr\/index.php?rest_route=%2Fwp%2Fv2%2Fcategories&post=8749"},{"taxonomy":"post_tag","embeddable":true,"href":"https:\/\/www.mouthiers-sur-boeme.fr\/index.php?rest_route=%2Fwp%2Fv2%2Ftags&post=8749"}],"curies":[{"name":"wp","href":"https:\/\/api.w.org\/{rel}","templated":true}]}}