{"id":8794,"date":"2021-11-20T13:03:03","date_gmt":"2021-11-20T12:03:03","guid":{"rendered":"https:\/\/www.mouthiers-sur-boeme.fr\/?p=8794"},"modified":"2021-11-20T13:03:03","modified_gmt":"2021-11-20T12:03:03","slug":"spectacle-mediatheque","status":"publish","type":"post","link":"https:\/\/www.mouthiers-sur-boeme.fr\/?p=8794","title":{"rendered":"SPECTACLE M\u00c9DIATH\u00c8QUE"},"content":{"rendered":"\n<p>Contes d&rsquo;hiver et de No\u00ebl par la compagnie Les bouches d\u00e9cousues.<\/p>\n\n\n\n<p>Les mots qui dansent au doux son de la harpe celtique et au rythme de la guitare classique sont un appel au voyage en compagnie de personnages hauts en couleur. De l&rsquo;Afrique au Grand Nord en passant par la Russie, petits et grands se laisseront envo\u00fbter, \u00e0 tire d&rsquo;imagination, par la magie du conte.<\/p>\n\n\n\n<p>Rendez-vous Mercredi 15 d\u00e9cembre \u00e0 19 heures. R\u00e9servations au 05 45 67 89 47<\/p>\n\n\n\n<p>Tout public \u00e0 partir de 6 ans. Pass sanitaire obligatoire \u00e0 partir de 12 ans.<\/p>\n","protected":false},"excerpt":{"rendered":"<p>Contes d&rsquo;hiver et de No\u00ebl par la compagnie Les bouches d\u00e9cousues. Les mots qui dansent au doux son de la harpe celtique et au rythme de la guitare classique sont un appel au voyage en compagnie de personnages hauts en couleur. De l&rsquo;Afrique au Grand Nord en passant par la Russie, petits et grands se &hellip; <a href=\"https:\/\/www.mouthiers-sur-boeme.fr\/?p=8794\" class=\"more-link\">Continuer la lecture de <span class=\"screen-reader-text\">SPECTACLE M\u00c9DIATH\u00c8QUE<\/span>  <span class=\"meta-nav\">&rarr;<\/span><\/a><\/p>\n","protected":false},"author":22,"featured_media":0,"comment_status":"open","ping_status":"open","sticky":false,"template":"","format":"standard","meta":[],"categories":[20],"tags":[],"_links":{"self":[{"href":"https:\/\/www.mouthiers-sur-boeme.fr\/index.php?rest_route=\/wp\/v2\/posts\/8794"}],"collection":[{"href":"https:\/\/www.mouthiers-sur-boeme.fr\/index.php?rest_route=\/wp\/v2\/posts"}],"about":[{"href":"https:\/\/www.mouthiers-sur-boeme.fr\/index.php?rest_route=\/wp\/v2\/types\/post"}],"author":[{"embeddable":true,"href":"https:\/\/www.mouthiers-sur-boeme.fr\/index.php?rest_route=\/wp\/v2\/users\/22"}],"replies":[{"embeddable":true,"href":"https:\/\/www.mouthiers-sur-boeme.fr\/index.php?rest_route=%2Fwp%2Fv2%2Fcomments&post=8794"}],"version-history":[{"count":1,"href":"https:\/\/www.mouthiers-sur-boeme.fr\/index.php?rest_route=\/wp\/v2\/posts\/8794\/revisions"}],"predecessor-version":[{"id":8795,"href":"https:\/\/www.mouthiers-sur-boeme.fr\/index.php?rest_route=\/wp\/v2\/posts\/8794\/revisions\/8795"}],"wp:attachment":[{"href":"https:\/\/www.mouthiers-sur-boeme.fr\/index.php?rest_route=%2Fwp%2Fv2%2Fmedia&parent=8794"}],"wp:term":[{"taxonomy":"category","embeddable":true,"href":"https:\/\/www.mouthiers-sur-boeme.fr\/index.php?rest_route=%2Fwp%2Fv2%2Fcategories&post=8794"},{"taxonomy":"post_tag","embeddable":true,"href":"https:\/\/www.mouthiers-sur-boeme.fr\/index.php?rest_route=%2Fwp%2Fv2%2Ftags&post=8794"}],"curies":[{"name":"wp","href":"https:\/\/api.w.org\/{rel}","templated":true}]}}