{"id":8802,"date":"2021-11-23T20:05:45","date_gmt":"2021-11-23T19:05:45","guid":{"rendered":"https:\/\/www.mouthiers-sur-boeme.fr\/?p=8802"},"modified":"2022-02-19T11:41:27","modified_gmt":"2022-02-19T10:41:27","slug":"spectacle-contes-dhiver-et-de-noel-par-la-compagnie-les-bouches-decousues","status":"publish","type":"post","link":"https:\/\/www.mouthiers-sur-boeme.fr\/?p=8802","title":{"rendered":"MERCREDI 15 D\u00c9CEMBRE 19H"},"content":{"rendered":"\n<p class=\"has-text-align-center has-text-color has-large-font-size\" style=\"color:#dc2019\">ANNUL\u00c9<\/p>\n\n\n\n<p class=\"has-text-align-center\">Les mots qui dansent au doux son de la harpe celtique et au rythme de la<br>guitare classique sont un appel au voyage en compagnie de personnages hauts en couleur. De l&rsquo;Afrique au Grand Nord en passant par la Russie, petits et grands se laisseront envo\u00fbter, \u00e0 tire d&rsquo;imagination, par la magie du conte.<\/p>\n\n\n\n<p class=\"has-text-align-center\">Spectacle \u00e0 partir de 6 ans. Gratuit. Pass sanitaire obligatoire \u00e0 partir de 12 ans. R\u00e9servations au 05.45.67.89.47.<\/p>\n\n\n\n<figure class=\"wp-block-image size-large\"><a href=\"https:\/\/www.mouthiers-sur-boeme.fr\/wp-content\/uploads\/2021\/11\/Flyer-spectaccle-noel2021.jpg\"><img loading=\"lazy\" width=\"600\" height=\"788\" src=\"https:\/\/www.mouthiers-sur-boeme.fr\/wp-content\/uploads\/2021\/11\/Flyer-spectaccle-noel2021.jpg\" alt=\"\" class=\"wp-image-8814\" srcset=\"https:\/\/www.mouthiers-sur-boeme.fr\/wp-content\/uploads\/2021\/11\/Flyer-spectaccle-noel2021.jpg 600w, https:\/\/www.mouthiers-sur-boeme.fr\/wp-content\/uploads\/2021\/11\/Flyer-spectaccle-noel2021-228x300.jpg 228w\" sizes=\"(max-width: 600px) 100vw, 600px\" \/><\/a><\/figure>\n","protected":false},"excerpt":{"rendered":"<p>ANNUL\u00c9 Les mots qui dansent au doux son de la harpe celtique et au rythme de laguitare classique sont un appel au voyage en compagnie de personnages hauts en couleur. De l&rsquo;Afrique au Grand Nord en passant par la Russie, petits et grands se laisseront envo\u00fbter, \u00e0 tire d&rsquo;imagination, par la magie du conte. Spectacle &hellip; <a href=\"https:\/\/www.mouthiers-sur-boeme.fr\/?p=8802\" class=\"more-link\">Continuer la lecture de <span class=\"screen-reader-text\">MERCREDI 15 D\u00c9CEMBRE 19H<\/span>  <span class=\"meta-nav\">&rarr;<\/span><\/a><\/p>\n","protected":false},"author":22,"featured_media":8815,"comment_status":"open","ping_status":"open","sticky":false,"template":"","format":"standard","meta":[],"categories":[20,82],"tags":[],"_links":{"self":[{"href":"https:\/\/www.mouthiers-sur-boeme.fr\/index.php?rest_route=\/wp\/v2\/posts\/8802"}],"collection":[{"href":"https:\/\/www.mouthiers-sur-boeme.fr\/index.php?rest_route=\/wp\/v2\/posts"}],"about":[{"href":"https:\/\/www.mouthiers-sur-boeme.fr\/index.php?rest_route=\/wp\/v2\/types\/post"}],"author":[{"embeddable":true,"href":"https:\/\/www.mouthiers-sur-boeme.fr\/index.php?rest_route=\/wp\/v2\/users\/22"}],"replies":[{"embeddable":true,"href":"https:\/\/www.mouthiers-sur-boeme.fr\/index.php?rest_route=%2Fwp%2Fv2%2Fcomments&post=8802"}],"version-history":[{"count":4,"href":"https:\/\/www.mouthiers-sur-boeme.fr\/index.php?rest_route=\/wp\/v2\/posts\/8802\/revisions"}],"predecessor-version":[{"id":8867,"href":"https:\/\/www.mouthiers-sur-boeme.fr\/index.php?rest_route=\/wp\/v2\/posts\/8802\/revisions\/8867"}],"wp:featuredmedia":[{"embeddable":true,"href":"https:\/\/www.mouthiers-sur-boeme.fr\/index.php?rest_route=\/wp\/v2\/media\/8815"}],"wp:attachment":[{"href":"https:\/\/www.mouthiers-sur-boeme.fr\/index.php?rest_route=%2Fwp%2Fv2%2Fmedia&parent=8802"}],"wp:term":[{"taxonomy":"category","embeddable":true,"href":"https:\/\/www.mouthiers-sur-boeme.fr\/index.php?rest_route=%2Fwp%2Fv2%2Fcategories&post=8802"},{"taxonomy":"post_tag","embeddable":true,"href":"https:\/\/www.mouthiers-sur-boeme.fr\/index.php?rest_route=%2Fwp%2Fv2%2Ftags&post=8802"}],"curies":[{"name":"wp","href":"https:\/\/api.w.org\/{rel}","templated":true}]}}