{"id":8818,"date":"2021-11-28T16:03:13","date_gmt":"2021-11-28T15:03:13","guid":{"rendered":"https:\/\/www.mouthiers-sur-boeme.fr\/?p=8818"},"modified":"2022-02-19T11:41:06","modified_gmt":"2022-02-19T10:41:06","slug":"decembre-a-la-mediatheque-2","status":"publish","type":"post","link":"https:\/\/www.mouthiers-sur-boeme.fr\/?p=8818","title":{"rendered":"D\u00c9CEMBRE \u00c0 LA M\u00c9DIATH\u00c8QUE"},"content":{"rendered":"\n<p class=\"has-text-align-center has-text-color has-large-font-size\" style=\"color:#f0170b\"><strong>D\u00c9CORATION DU SAPIN DE NO\u00cbL<\/strong><\/p>\n\n\n\n<p>La m\u00e9diath\u00e8que de Mouthiers vous donne rendez-vous pour un atelier \u00ab\u00a0d\u00e9coration du sapin de No\u00ebl\u00a0\u00bb  le mercredi 8 d\u00e9cembre \u00e0 partir de 14h30.<\/p>\n\n\n\n<p>Ouvert \u00e0 tous. Gratuit. Pass sanitaire obligatoire \u00e0 partir de 12 ans. R\u00e9servations au 05 45 67 89 47<\/p>\n\n\n\n<p class=\"has-text-align-center has-text-color has-large-font-size\" style=\"color:#f21d0a\"><strong>SPECTACLE LE 15 D\u00c9CEMBRE \u00c0 19H<\/strong><\/p>\n\n\n\n<p class=\"has-text-align-center\">Les mots qui dansent au doux son de la harpe celtique et au rythme de la<br>guitare classique sont un appel au voyage en compagnie de personnages hauts en couleur. De l&rsquo;Afrique au Grand Nord en passant par la Russie, petits et grands se laisseront envo\u00fbter, \u00e0 tire d&rsquo;imagination, par la magie du conte.<\/p>\n\n\n\n<p class=\"has-text-align-center\">Spectacle \u00e0 partir de 6 ans. Gratuit. Pass sanitaire obligatoire \u00e0 partir de 12 ans. R\u00e9servations au 05.45.67.89.47.<\/p>\n","protected":false},"excerpt":{"rendered":"<p>D\u00c9CORATION DU SAPIN DE NO\u00cbL La m\u00e9diath\u00e8que de Mouthiers vous donne rendez-vous pour un atelier \u00ab\u00a0d\u00e9coration du sapin de No\u00ebl\u00a0\u00bb le mercredi 8 d\u00e9cembre \u00e0 partir de 14h30. Ouvert \u00e0 tous. Gratuit. Pass sanitaire obligatoire \u00e0 partir de 12 ans. R\u00e9servations au 05 45 67 89 47 SPECTACLE LE 15 D\u00c9CEMBRE \u00c0 19H Les mots &hellip; <a href=\"https:\/\/www.mouthiers-sur-boeme.fr\/?p=8818\" class=\"more-link\">Continuer la lecture de <span class=\"screen-reader-text\">D\u00c9CEMBRE \u00c0 LA M\u00c9DIATH\u00c8QUE<\/span>  <span class=\"meta-nav\">&rarr;<\/span><\/a><\/p>\n","protected":false},"author":22,"featured_media":8017,"comment_status":"open","ping_status":"open","sticky":false,"template":"","format":"standard","meta":[],"categories":[20],"tags":[],"_links":{"self":[{"href":"https:\/\/www.mouthiers-sur-boeme.fr\/index.php?rest_route=\/wp\/v2\/posts\/8818"}],"collection":[{"href":"https:\/\/www.mouthiers-sur-boeme.fr\/index.php?rest_route=\/wp\/v2\/posts"}],"about":[{"href":"https:\/\/www.mouthiers-sur-boeme.fr\/index.php?rest_route=\/wp\/v2\/types\/post"}],"author":[{"embeddable":true,"href":"https:\/\/www.mouthiers-sur-boeme.fr\/index.php?rest_route=\/wp\/v2\/users\/22"}],"replies":[{"embeddable":true,"href":"https:\/\/www.mouthiers-sur-boeme.fr\/index.php?rest_route=%2Fwp%2Fv2%2Fcomments&post=8818"}],"version-history":[{"count":5,"href":"https:\/\/www.mouthiers-sur-boeme.fr\/index.php?rest_route=\/wp\/v2\/posts\/8818\/revisions"}],"predecessor-version":[{"id":8826,"href":"https:\/\/www.mouthiers-sur-boeme.fr\/index.php?rest_route=\/wp\/v2\/posts\/8818\/revisions\/8826"}],"wp:featuredmedia":[{"embeddable":true,"href":"https:\/\/www.mouthiers-sur-boeme.fr\/index.php?rest_route=\/wp\/v2\/media\/8017"}],"wp:attachment":[{"href":"https:\/\/www.mouthiers-sur-boeme.fr\/index.php?rest_route=%2Fwp%2Fv2%2Fmedia&parent=8818"}],"wp:term":[{"taxonomy":"category","embeddable":true,"href":"https:\/\/www.mouthiers-sur-boeme.fr\/index.php?rest_route=%2Fwp%2Fv2%2Fcategories&post=8818"},{"taxonomy":"post_tag","embeddable":true,"href":"https:\/\/www.mouthiers-sur-boeme.fr\/index.php?rest_route=%2Fwp%2Fv2%2Ftags&post=8818"}],"curies":[{"name":"wp","href":"https:\/\/api.w.org\/{rel}","templated":true}]}}