{"id":8897,"date":"2022-02-19T11:07:00","date_gmt":"2022-02-19T10:07:00","guid":{"rendered":"https:\/\/www.mouthiers-sur-boeme.fr\/?p=8897"},"modified":"2022-03-06T10:26:39","modified_gmt":"2022-03-06T09:26:39","slug":"jeudi-3-mars-20h30","status":"publish","type":"post","link":"https:\/\/www.mouthiers-sur-boeme.fr\/?p=8897","title":{"rendered":"jeudi 3 mars 20h30"},"content":{"rendered":"\n<h1>Madres paralelas<\/h1>\n\n\n\n<p>De <strong>Pedro Almod\u00f3var<\/strong><br>Avec <strong>Pen\u00e9lope Cruz, Milena Smit, Aitana S\u00e1nchez-Gij\u00f3n<\/strong><br>Genre <strong>Drame<\/strong><br>Nationalit\u00e9 <strong>Espagne<\/strong><br>Dur\u00e9e <strong>2h 00<\/strong><\/p>\n\n\n\n<hr class=\"wp-block-separator\"\/>\n\n\n\n<p>Deux femmes, Janis et Ana, se rencontrent dans une chambre d\u2019h\u00f4pital sur le point d\u2019accoucher. Elles sont toutes les deux c\u00e9libataires et sont tomb\u00e9es enceintes par accident. Janis, d\u2019\u00e2ge m\u00fbr, n\u2019a aucun regret et durant les heures qui pr\u00e9c\u00e8dent l\u2019accouchement, elle est folle de joie. Ana en revanche, est une adolescente effray\u00e9e, pleine de remords et traumatis\u00e9e. Janis essaie de lui remonter le moral alors qu\u2019elles marchent telles des somnambules dans le couloir de l\u2019h\u00f4pital. Les quelques mots qu\u2019elles \u00e9changent pendant ces heures vont cr\u00e9er un lien tr\u00e8s \u00e9troit entre elles, que le hasard se chargera de compliquer d\u2019une mani\u00e8re qui changera leur vie \u00e0 toutes les deux.<\/p>\n\n\n\n<p><\/p>\n\n\n\n<p><a href=\"https:\/\/www.crcatb.fr\/films-cinema-charente-crcatb\/article\/madres-paralelas\">Bande annonce CRCATB<\/a><\/p>\n\n\n\n<p class=\"has-text-align-center has-text-color\" style=\"color:#eb180d;font-size:27px\"><strong>\u00c0 VENIR SUR VOTRE \u00c9CRAN PR\u00c9F\u00c9R\u00c9<\/strong><\/p>\n\n\n\n<p class=\"has-text-align-center has-text-color has-medium-font-size\" style=\"color:#ef180e\">Le 17 mars <\/p>\n\n\n\n<p class=\"has-text-align-center has-text-color has-medium-font-size\" style=\"color:#ef180e\"><strong>OUISTREHAM<\/strong> <\/p>\n\n\n\n<p class=\"has-text-align-center has-text-color has-medium-font-size\" style=\"color:#ef180e\">De <strong>Emmanuel Carr\u00e8re<\/strong><br>Avec <strong>Juliette Binoche, H\u00e9l\u00e8ne Lambert, L\u00e9a Carne<\/strong><\/p>\n\n\n\n<p class=\"has-text-align-center has-text-color\" style=\"color:#f43a1e;font-size:22px\">Le 14 avril<\/p>\n\n\n\n<h1 class=\"has-text-align-center has-text-color\" style=\"color:#fb1e17\"><strong>Tendre Et Saignant<\/strong><\/h1>\n\n\n\n<p class=\"has-text-align-center has-text-color has-medium-font-size\" style=\"color:#fa1d1d\">De <strong>Christopher Thompson<\/strong><br>Avec <strong>G\u00e9raldine Pailhas, Arnaud Ducret, Alison Wheeler<\/strong><br>Genre <strong>Com\u00e9die, Romance<\/strong><\/p>\n\n\n\n<p class=\"has-text-align-center has-text-color has-medium-font-size\" style=\"color:#f73b2a\">Le 21 avril<\/p>\n\n\n\n<p class=\"has-text-align-center has-text-color\" style=\"color:#f72115;font-size:28px\"><strong>Presque<\/strong><\/p>\n\n\n\n<p class=\"has-text-align-center has-text-color has-medium-font-size\" style=\"color:#f72222\"><strong>De Bernard Campan, Alexandre Jollien<br>Avec Bernard Campan, Alexandre Jollien, Tiphaine Daviot<br>Genre Com\u00e9die dramatique, Drame<\/strong><\/p>\n\n\n\n<p><\/p>\n","protected":false},"excerpt":{"rendered":"<p>Madres paralelas De Pedro Almod\u00f3varAvec Pen\u00e9lope Cruz, Milena Smit, Aitana S\u00e1nchez-Gij\u00f3nGenre DrameNationalit\u00e9 EspagneDur\u00e9e 2h 00 Deux femmes, Janis et Ana, se rencontrent dans une chambre d\u2019h\u00f4pital sur le point d\u2019accoucher. Elles sont toutes les deux c\u00e9libataires et sont tomb\u00e9es enceintes par accident. Janis, d\u2019\u00e2ge m\u00fbr, n\u2019a aucun regret et durant les heures qui pr\u00e9c\u00e8dent l\u2019accouchement, &hellip; <a href=\"https:\/\/www.mouthiers-sur-boeme.fr\/?p=8897\" class=\"more-link\">Continuer la lecture de <span class=\"screen-reader-text\">jeudi 3 mars 20h30<\/span>  <span class=\"meta-nav\">&rarr;<\/span><\/a><\/p>\n","protected":false},"author":22,"featured_media":0,"comment_status":"open","ping_status":"open","sticky":false,"template":"","format":"standard","meta":[],"categories":[65,71],"tags":[],"_links":{"self":[{"href":"https:\/\/www.mouthiers-sur-boeme.fr\/index.php?rest_route=\/wp\/v2\/posts\/8897"}],"collection":[{"href":"https:\/\/www.mouthiers-sur-boeme.fr\/index.php?rest_route=\/wp\/v2\/posts"}],"about":[{"href":"https:\/\/www.mouthiers-sur-boeme.fr\/index.php?rest_route=\/wp\/v2\/types\/post"}],"author":[{"embeddable":true,"href":"https:\/\/www.mouthiers-sur-boeme.fr\/index.php?rest_route=\/wp\/v2\/users\/22"}],"replies":[{"embeddable":true,"href":"https:\/\/www.mouthiers-sur-boeme.fr\/index.php?rest_route=%2Fwp%2Fv2%2Fcomments&post=8897"}],"version-history":[{"count":4,"href":"https:\/\/www.mouthiers-sur-boeme.fr\/index.php?rest_route=\/wp\/v2\/posts\/8897\/revisions"}],"predecessor-version":[{"id":8909,"href":"https:\/\/www.mouthiers-sur-boeme.fr\/index.php?rest_route=\/wp\/v2\/posts\/8897\/revisions\/8909"}],"wp:attachment":[{"href":"https:\/\/www.mouthiers-sur-boeme.fr\/index.php?rest_route=%2Fwp%2Fv2%2Fmedia&parent=8897"}],"wp:term":[{"taxonomy":"category","embeddable":true,"href":"https:\/\/www.mouthiers-sur-boeme.fr\/index.php?rest_route=%2Fwp%2Fv2%2Fcategories&post=8897"},{"taxonomy":"post_tag","embeddable":true,"href":"https:\/\/www.mouthiers-sur-boeme.fr\/index.php?rest_route=%2Fwp%2Fv2%2Ftags&post=8897"}],"curies":[{"name":"wp","href":"https:\/\/api.w.org\/{rel}","templated":true}]}}