{"id":8902,"date":"2022-02-19T11:06:24","date_gmt":"2022-02-19T10:06:24","guid":{"rendered":"https:\/\/www.mouthiers-sur-boeme.fr\/?p=8902"},"modified":"2022-03-20T10:17:53","modified_gmt":"2022-03-20T09:17:53","slug":"jeudi-17-mars-20h30","status":"publish","type":"post","link":"https:\/\/www.mouthiers-sur-boeme.fr\/?p=8902","title":{"rendered":"jeudi 17 mars 20h30"},"content":{"rendered":"\n<h1>Ouistreham<\/h1>\n\n\n\n<p>De <strong>Emmanuel Carr\u00e8re<\/strong><br>Avec <strong>Juliette Binoche, H\u00e9l\u00e8ne Lambert, L\u00e9a Carne<\/strong><br>Genre <strong>Drame<\/strong><br>Nationalit\u00e9 <strong>France<\/strong><br>Dur\u00e9e <strong>1h 46<\/strong><\/p>\n\n\n\n<hr class=\"wp-block-separator\"\/>\n\n\n\n<p>Marianne Winckler, \u00e9crivaine reconnue, entreprend un livre sur le travail pr\u00e9caire. Elle s\u2019installe pr\u00e8s de Caen et, sans r\u00e9v\u00e9ler son identit\u00e9, rejoint une \u00e9quipe de femmes de m\u00e9nage. Confront\u00e9e \u00e0 la fragilit\u00e9 \u00e9conomique et \u00e0 l\u2019invisibilit\u00e9 sociale, elle d\u00e9couvre aussi l\u2019entraide et la solidarit\u00e9 qui unissent ces travailleuses de l\u2019ombre.<\/p>\n\n\n\n<p><\/p>\n\n\n\n<p><a rel=\"noreferrer noopener\" href=\"https:\/\/www.crcatb.fr\/films-cinema-charente-crcatb\/article\/ouistreham\" target=\"_blank\">Bande Annonce CRCATB<\/a><\/p>\n\n\n\n<p class=\"has-text-align-center has-text-color\" style=\"color:#f51919;font-size:26px\"><strong>\u00c0 VENIR SUR VOTRE \u00c9CRAN PR\u00c9F\u00c9R\u00c9<\/strong><\/p>\n\n\n\n<h1 class=\"has-text-align-center has-text-color\" style=\"color:#fb1e17\"><strong>Tendre Et Saignant<\/strong><\/h1>\n\n\n\n<p class=\"has-text-align-center has-text-color has-medium-font-size\" style=\"color:#fa1d1d\">De <strong>Christopher Thompson<\/strong><br>Avec <strong>G\u00e9raldine Pailhas, Arnaud Ducret, Alison Wheeler<\/strong><br>Genre <strong>Com\u00e9die, Romance<\/strong><\/p>\n\n\n\n<h1 class=\"has-text-align-center has-text-color\" style=\"color:#f32020\">Presque<\/h1>\n\n\n\n<p class=\"has-text-align-center has-text-color has-medium-font-size\" style=\"color:#f51b1b\">De <strong>Bernard Campan, Alexandre Jollien<\/strong><br>Avec <strong>Bernard Campan, Alexandre Jollien, Tiphaine Daviot<\/strong><br>Genre <strong>Com\u00e9die dramatique, Drame<\/strong><\/p>\n","protected":false},"excerpt":{"rendered":"<p>Ouistreham De Emmanuel Carr\u00e8reAvec Juliette Binoche, H\u00e9l\u00e8ne Lambert, L\u00e9a CarneGenre DrameNationalit\u00e9 FranceDur\u00e9e 1h 46 Marianne Winckler, \u00e9crivaine reconnue, entreprend un livre sur le travail pr\u00e9caire. Elle s\u2019installe pr\u00e8s de Caen et, sans r\u00e9v\u00e9ler son identit\u00e9, rejoint une \u00e9quipe de femmes de m\u00e9nage. Confront\u00e9e \u00e0 la fragilit\u00e9 \u00e9conomique et \u00e0 l\u2019invisibilit\u00e9 sociale, elle d\u00e9couvre aussi l\u2019entraide &hellip; <a href=\"https:\/\/www.mouthiers-sur-boeme.fr\/?p=8902\" class=\"more-link\">Continuer la lecture de <span class=\"screen-reader-text\">jeudi 17 mars 20h30<\/span>  <span class=\"meta-nav\">&rarr;<\/span><\/a><\/p>\n","protected":false},"author":22,"featured_media":0,"comment_status":"open","ping_status":"open","sticky":false,"template":"","format":"standard","meta":[],"categories":[65,71],"tags":[],"_links":{"self":[{"href":"https:\/\/www.mouthiers-sur-boeme.fr\/index.php?rest_route=\/wp\/v2\/posts\/8902"}],"collection":[{"href":"https:\/\/www.mouthiers-sur-boeme.fr\/index.php?rest_route=\/wp\/v2\/posts"}],"about":[{"href":"https:\/\/www.mouthiers-sur-boeme.fr\/index.php?rest_route=\/wp\/v2\/types\/post"}],"author":[{"embeddable":true,"href":"https:\/\/www.mouthiers-sur-boeme.fr\/index.php?rest_route=\/wp\/v2\/users\/22"}],"replies":[{"embeddable":true,"href":"https:\/\/www.mouthiers-sur-boeme.fr\/index.php?rest_route=%2Fwp%2Fv2%2Fcomments&post=8902"}],"version-history":[{"count":3,"href":"https:\/\/www.mouthiers-sur-boeme.fr\/index.php?rest_route=\/wp\/v2\/posts\/8902\/revisions"}],"predecessor-version":[{"id":8911,"href":"https:\/\/www.mouthiers-sur-boeme.fr\/index.php?rest_route=\/wp\/v2\/posts\/8902\/revisions\/8911"}],"wp:attachment":[{"href":"https:\/\/www.mouthiers-sur-boeme.fr\/index.php?rest_route=%2Fwp%2Fv2%2Fmedia&parent=8902"}],"wp:term":[{"taxonomy":"category","embeddable":true,"href":"https:\/\/www.mouthiers-sur-boeme.fr\/index.php?rest_route=%2Fwp%2Fv2%2Fcategories&post=8902"},{"taxonomy":"post_tag","embeddable":true,"href":"https:\/\/www.mouthiers-sur-boeme.fr\/index.php?rest_route=%2Fwp%2Fv2%2Ftags&post=8902"}],"curies":[{"name":"wp","href":"https:\/\/api.w.org\/{rel}","templated":true}]}}