{"id":8944,"date":"2022-02-24T16:32:00","date_gmt":"2022-02-24T15:32:00","guid":{"rendered":"https:\/\/www.mouthiers-sur-boeme.fr\/?p=8944"},"modified":"2022-04-02T08:08:41","modified_gmt":"2022-04-02T07:08:41","slug":"samedi-26-mars","status":"publish","type":"post","link":"https:\/\/www.mouthiers-sur-boeme.fr\/?p=8944","title":{"rendered":"samedi 26 mars"},"content":{"rendered":"\n<p class=\"has-text-align-center has-text-color has-medium-font-size\" style=\"color:#ef7031\"><strong>Samedi 26 mars venez vous amuser au carnaval \u00e0 Mouthiers.<\/strong><\/p>\n\n\n\n<p>Le carnaval reprend vie apr\u00e8s deux ann\u00e9es de repos. Le final aura lieu \u00e0 Mouthiers le samedi 26 mars apr\u00e8s-midi. Mais en attendant le 26 mars, il se produira le 15 mars \u00e0 15h \u00e9cole maternelle Charles Perrault de Roullet, avec la Compagnie Lune d&rsquo;Ailes. Ensuite, il s&rsquo;arr\u00eatera \u00e0 Claix le 18 mars, \u00e0 Plassac-Voulz\u00e9zac le 19, \u00e0 Sireuil et Trois-Palis le 25.<\/p>\n\n\n\n<figure class=\"wp-block-image size-large\"><a href=\"https:\/\/www.mouthiers-sur-boeme.fr\/wp-content\/uploads\/2022\/03\/A5_RV_carnaval2022_v5.jpeg\"><img loading=\"lazy\" width=\"582\" height=\"826\" src=\"https:\/\/www.mouthiers-sur-boeme.fr\/wp-content\/uploads\/2022\/03\/A5_RV_carnaval2022_v5.jpeg\" alt=\"\" class=\"wp-image-8972\" srcset=\"https:\/\/www.mouthiers-sur-boeme.fr\/wp-content\/uploads\/2022\/03\/A5_RV_carnaval2022_v5.jpeg 582w, https:\/\/www.mouthiers-sur-boeme.fr\/wp-content\/uploads\/2022\/03\/A5_RV_carnaval2022_v5-211x300.jpeg 211w\" sizes=\"(max-width: 582px) 100vw, 582px\" \/><\/a><\/figure>\n\n\n\n<figure class=\"wp-block-image size-large\"><a href=\"https:\/\/www.mouthiers-sur-boeme.fr\/wp-content\/uploads\/2022\/03\/A5_RV_carnaval2022-page-2-v5.jpeg\"><img loading=\"lazy\" width=\"582\" height=\"826\" src=\"https:\/\/www.mouthiers-sur-boeme.fr\/wp-content\/uploads\/2022\/03\/A5_RV_carnaval2022-page-2-v5.jpeg\" alt=\"\" class=\"wp-image-8973\" srcset=\"https:\/\/www.mouthiers-sur-boeme.fr\/wp-content\/uploads\/2022\/03\/A5_RV_carnaval2022-page-2-v5.jpeg 582w, https:\/\/www.mouthiers-sur-boeme.fr\/wp-content\/uploads\/2022\/03\/A5_RV_carnaval2022-page-2-v5-211x300.jpeg 211w\" sizes=\"(max-width: 582px) 100vw, 582px\" \/><\/a><\/figure>\n","protected":false},"excerpt":{"rendered":"<p>Samedi 26 mars venez vous amuser au carnaval \u00e0 Mouthiers. Le carnaval reprend vie apr\u00e8s deux ann\u00e9es de repos. Le final aura lieu \u00e0 Mouthiers le samedi 26 mars apr\u00e8s-midi. Mais en attendant le 26 mars, il se produira le 15 mars \u00e0 15h \u00e9cole maternelle Charles Perrault de Roullet, avec la Compagnie Lune d&rsquo;Ailes. &hellip; <a href=\"https:\/\/www.mouthiers-sur-boeme.fr\/?p=8944\" class=\"more-link\">Continuer la lecture de <span class=\"screen-reader-text\">samedi 26 mars<\/span>  <span class=\"meta-nav\">&rarr;<\/span><\/a><\/p>\n","protected":false},"author":22,"featured_media":8975,"comment_status":"open","ping_status":"open","sticky":false,"template":"","format":"standard","meta":[],"categories":[98,99],"tags":[],"_links":{"self":[{"href":"https:\/\/www.mouthiers-sur-boeme.fr\/index.php?rest_route=\/wp\/v2\/posts\/8944"}],"collection":[{"href":"https:\/\/www.mouthiers-sur-boeme.fr\/index.php?rest_route=\/wp\/v2\/posts"}],"about":[{"href":"https:\/\/www.mouthiers-sur-boeme.fr\/index.php?rest_route=\/wp\/v2\/types\/post"}],"author":[{"embeddable":true,"href":"https:\/\/www.mouthiers-sur-boeme.fr\/index.php?rest_route=\/wp\/v2\/users\/22"}],"replies":[{"embeddable":true,"href":"https:\/\/www.mouthiers-sur-boeme.fr\/index.php?rest_route=%2Fwp%2Fv2%2Fcomments&post=8944"}],"version-history":[{"count":4,"href":"https:\/\/www.mouthiers-sur-boeme.fr\/index.php?rest_route=\/wp\/v2\/posts\/8944\/revisions"}],"predecessor-version":[{"id":8974,"href":"https:\/\/www.mouthiers-sur-boeme.fr\/index.php?rest_route=\/wp\/v2\/posts\/8944\/revisions\/8974"}],"wp:featuredmedia":[{"embeddable":true,"href":"https:\/\/www.mouthiers-sur-boeme.fr\/index.php?rest_route=\/wp\/v2\/media\/8975"}],"wp:attachment":[{"href":"https:\/\/www.mouthiers-sur-boeme.fr\/index.php?rest_route=%2Fwp%2Fv2%2Fmedia&parent=8944"}],"wp:term":[{"taxonomy":"category","embeddable":true,"href":"https:\/\/www.mouthiers-sur-boeme.fr\/index.php?rest_route=%2Fwp%2Fv2%2Fcategories&post=8944"},{"taxonomy":"post_tag","embeddable":true,"href":"https:\/\/www.mouthiers-sur-boeme.fr\/index.php?rest_route=%2Fwp%2Fv2%2Ftags&post=8944"}],"curies":[{"name":"wp","href":"https:\/\/api.w.org\/{rel}","templated":true}]}}