{"id":8963,"date":"2022-03-08T06:35:12","date_gmt":"2022-03-08T05:35:12","guid":{"rendered":"https:\/\/www.mouthiers-sur-boeme.fr\/?p=8963"},"modified":"2022-05-07T09:32:33","modified_gmt":"2022-05-07T08:32:33","slug":"9-avril-14h30","status":"publish","type":"post","link":"https:\/\/www.mouthiers-sur-boeme.fr\/?p=8963","title":{"rendered":"SAMEDI 9 avril \u00c0 10H30 ATTENTION CHANGEMENT D&rsquo;HORAIRE"},"content":{"rendered":"\n<p class=\"has-text-align-center\" style=\"font-size:18px\">Sensibilisation \u00e0 la plantation de haie par le CETEF (Centre d&rsquo;\u00c9tude Technique Environnemental et Forestier).<\/p>\n\n\n\n<p class=\"has-text-align-center has-text-color has-large-font-size\" style=\"color:#e60c1f\"><strong>ERRATUM<\/strong><\/p>\n\n\n\n<p class=\"has-text-align-center has-text-color has-large-font-size\" style=\"color:#e60c1f\"><strong> RENDEZ-VOUS \u00c0 10H30<\/strong><\/p>\n\n\n\n<p class=\"has-text-align-center has-text-color has-large-font-size\" style=\"color:#00a31c\"><strong> Rendez vous <\/strong><\/p>\n\n\n\n<p class=\"has-text-align-center has-text-color has-large-font-size\" style=\"color:#00a31c\"><strong>samedi 9 avril <s>\u00e0 14h30<\/s> devant la mairie<\/strong><\/p>\n\n\n\n<div class=\"wp-block-image\"><figure class=\"aligncenter size-large\"><a href=\"https:\/\/www.mouthiers-sur-boeme.fr\/wp-content\/uploads\/2022\/03\/PAYSAGE-haies.jpeg\"><img loading=\"lazy\" width=\"275\" height=\"183\" src=\"https:\/\/www.mouthiers-sur-boeme.fr\/wp-content\/uploads\/2022\/03\/PAYSAGE-haies.jpeg\" alt=\"\" class=\"wp-image-9009\"\/><\/a><\/figure><\/div>\n\n\n\n<p><a href=\"http:\/\/cetefnouvelle-aquitaine.org\/\" target=\"_blank\" rel=\"noreferrer noopener\">Site CETEF Nouvelle Aquitaine<\/a><\/p>\n\n\n\n<p><\/p>\n","protected":false},"excerpt":{"rendered":"<p>Sensibilisation \u00e0 la plantation de haie par le CETEF (Centre d&rsquo;\u00c9tude Technique Environnemental et Forestier). ERRATUM RENDEZ-VOUS \u00c0 10H30 Rendez vous samedi 9 avril \u00e0 14h30 devant la mairie Site CETEF Nouvelle Aquitaine<\/p>\n","protected":false},"author":22,"featured_media":8931,"comment_status":"open","ping_status":"open","sticky":false,"template":"","format":"standard","meta":[],"categories":[4],"tags":[],"_links":{"self":[{"href":"https:\/\/www.mouthiers-sur-boeme.fr\/index.php?rest_route=\/wp\/v2\/posts\/8963"}],"collection":[{"href":"https:\/\/www.mouthiers-sur-boeme.fr\/index.php?rest_route=\/wp\/v2\/posts"}],"about":[{"href":"https:\/\/www.mouthiers-sur-boeme.fr\/index.php?rest_route=\/wp\/v2\/types\/post"}],"author":[{"embeddable":true,"href":"https:\/\/www.mouthiers-sur-boeme.fr\/index.php?rest_route=\/wp\/v2\/users\/22"}],"replies":[{"embeddable":true,"href":"https:\/\/www.mouthiers-sur-boeme.fr\/index.php?rest_route=%2Fwp%2Fv2%2Fcomments&post=8963"}],"version-history":[{"count":7,"href":"https:\/\/www.mouthiers-sur-boeme.fr\/index.php?rest_route=\/wp\/v2\/posts\/8963\/revisions"}],"predecessor-version":[{"id":9037,"href":"https:\/\/www.mouthiers-sur-boeme.fr\/index.php?rest_route=\/wp\/v2\/posts\/8963\/revisions\/9037"}],"wp:featuredmedia":[{"embeddable":true,"href":"https:\/\/www.mouthiers-sur-boeme.fr\/index.php?rest_route=\/wp\/v2\/media\/8931"}],"wp:attachment":[{"href":"https:\/\/www.mouthiers-sur-boeme.fr\/index.php?rest_route=%2Fwp%2Fv2%2Fmedia&parent=8963"}],"wp:term":[{"taxonomy":"category","embeddable":true,"href":"https:\/\/www.mouthiers-sur-boeme.fr\/index.php?rest_route=%2Fwp%2Fv2%2Fcategories&post=8963"},{"taxonomy":"post_tag","embeddable":true,"href":"https:\/\/www.mouthiers-sur-boeme.fr\/index.php?rest_route=%2Fwp%2Fv2%2Ftags&post=8963"}],"curies":[{"name":"wp","href":"https:\/\/api.w.org\/{rel}","templated":true}]}}