{"id":8967,"date":"2022-03-08T06:56:28","date_gmt":"2022-03-08T05:56:28","guid":{"rendered":"https:\/\/www.mouthiers-sur-boeme.fr\/?p=8967"},"modified":"2022-04-27T09:02:00","modified_gmt":"2022-04-27T08:02:00","slug":"mars-en-braconne","status":"publish","type":"post","link":"https:\/\/www.mouthiers-sur-boeme.fr\/?p=8967","title":{"rendered":"Mars en Braconne"},"content":{"rendered":"\n<p>Pour la seconde fois, le festival Mars en Braconne organis\u00e9 par le GrandAngoul\u00eame s&rsquo;arr\u00eatera \u00e0 Mouthiers. Rendez-vous le mardi 29 mars \u00e0 20h30 \u00e0 la MJC Jules Berry. La Compagnie du Veilleur vous propose le spectacle \u00ab\u00a0PRODIGES\u00a0\u00bb de Mariette Navarro. Trois femmes sur sc\u00e8ne &#8230; Venez et vous entendrez la suite&#8230;<\/p>\n\n\n\n<p><a rel=\"noreferrer noopener\" href=\"http:\/\/www.marsenbraconne.fr\/\" target=\"_blank\">Plus d&rsquo;infos sur tous les spectacles<\/a><\/p>\n\n\n\n<div class=\"wp-block-image\"><figure class=\"aligncenter size-large is-resized\"><a href=\"https:\/\/www.mouthiers-sur-boeme.fr\/wp-content\/uploads\/2022\/03\/Mars-en-braconne-affiche2202-livret-20p-MEB-BD-thumb.png\"><img loading=\"lazy\" src=\"https:\/\/www.mouthiers-sur-boeme.fr\/wp-content\/uploads\/2022\/03\/Mars-en-braconne-affiche2202-livret-20p-MEB-BD-thumb.png\" alt=\"\" class=\"wp-image-8999\" width=\"615\" height=\"871\" srcset=\"https:\/\/www.mouthiers-sur-boeme.fr\/wp-content\/uploads\/2022\/03\/Mars-en-braconne-affiche2202-livret-20p-MEB-BD-thumb.png 565w, https:\/\/www.mouthiers-sur-boeme.fr\/wp-content\/uploads\/2022\/03\/Mars-en-braconne-affiche2202-livret-20p-MEB-BD-thumb-212x300.png 212w\" sizes=\"(max-width: 615px) 100vw, 615px\" \/><\/a><\/figure><\/div>\n\n\n\n<p><\/p>\n","protected":false},"excerpt":{"rendered":"<p>Pour la seconde fois, le festival Mars en Braconne organis\u00e9 par le GrandAngoul\u00eame s&rsquo;arr\u00eatera \u00e0 Mouthiers. Rendez-vous le mardi 29 mars \u00e0 20h30 \u00e0 la MJC Jules Berry. La Compagnie du Veilleur vous propose le spectacle \u00ab\u00a0PRODIGES\u00a0\u00bb de Mariette Navarro. Trois femmes sur sc\u00e8ne &#8230; Venez et vous entendrez la suite&#8230; Plus d&rsquo;infos sur tous &hellip; <a href=\"https:\/\/www.mouthiers-sur-boeme.fr\/?p=8967\" class=\"more-link\">Continuer la lecture de <span class=\"screen-reader-text\">Mars en Braconne<\/span>  <span class=\"meta-nav\">&rarr;<\/span><\/a><\/p>\n","protected":false},"author":22,"featured_media":0,"comment_status":"open","ping_status":"open","sticky":false,"template":"","format":"standard","meta":[],"categories":[85,83,82],"tags":[],"_links":{"self":[{"href":"https:\/\/www.mouthiers-sur-boeme.fr\/index.php?rest_route=\/wp\/v2\/posts\/8967"}],"collection":[{"href":"https:\/\/www.mouthiers-sur-boeme.fr\/index.php?rest_route=\/wp\/v2\/posts"}],"about":[{"href":"https:\/\/www.mouthiers-sur-boeme.fr\/index.php?rest_route=\/wp\/v2\/types\/post"}],"author":[{"embeddable":true,"href":"https:\/\/www.mouthiers-sur-boeme.fr\/index.php?rest_route=\/wp\/v2\/users\/22"}],"replies":[{"embeddable":true,"href":"https:\/\/www.mouthiers-sur-boeme.fr\/index.php?rest_route=%2Fwp%2Fv2%2Fcomments&post=8967"}],"version-history":[{"count":3,"href":"https:\/\/www.mouthiers-sur-boeme.fr\/index.php?rest_route=\/wp\/v2\/posts\/8967\/revisions"}],"predecessor-version":[{"id":9001,"href":"https:\/\/www.mouthiers-sur-boeme.fr\/index.php?rest_route=\/wp\/v2\/posts\/8967\/revisions\/9001"}],"wp:attachment":[{"href":"https:\/\/www.mouthiers-sur-boeme.fr\/index.php?rest_route=%2Fwp%2Fv2%2Fmedia&parent=8967"}],"wp:term":[{"taxonomy":"category","embeddable":true,"href":"https:\/\/www.mouthiers-sur-boeme.fr\/index.php?rest_route=%2Fwp%2Fv2%2Fcategories&post=8967"},{"taxonomy":"post_tag","embeddable":true,"href":"https:\/\/www.mouthiers-sur-boeme.fr\/index.php?rest_route=%2Fwp%2Fv2%2Ftags&post=8967"}],"curies":[{"name":"wp","href":"https:\/\/api.w.org\/{rel}","templated":true}]}}