{"id":8979,"date":"2022-03-17T06:35:55","date_gmt":"2022-03-17T05:35:55","guid":{"rendered":"https:\/\/www.mouthiers-sur-boeme.fr\/?p=8979"},"modified":"2022-03-20T10:44:01","modified_gmt":"2022-03-20T09:44:01","slug":"une-guerre-lhistoire-du-comite","status":"publish","type":"post","link":"https:\/\/www.mouthiers-sur-boeme.fr\/?p=8979","title":{"rendered":"Une guerre l&rsquo;histoire du comit\u00e9"},"content":{"rendered":"\n<p class=\"has-text-align-center has-medium-font-size\">La c\u00e9r\u00e9monie pour la comm\u00e9moration aura lieu samedi 19 mars \u00e0 11 h, aux monuments aux Morts (\u00e9glise).  <\/p>\n\n\n\n<p class=\"has-text-align-center has-medium-font-size\">Du 19 au 22 mars de 9 h \u00e0 12 h et de 14 h \u00e0 17 h<\/p>\n\n\n\n<p class=\"has-text-align-center has-medium-font-size\"> la FNACA vous propose une exposition sur la guerre d&rsquo;Alg\u00e9rie \u00e0 voir \u00e0 la m\u00e9diath\u00e8que de Mouthiers.<\/p>\n\n\n\n<p>Renseignements : m\u00e9diath\u00e8que 05 45 67 89 47<\/p>\n","protected":false},"excerpt":{"rendered":"<p>La c\u00e9r\u00e9monie pour la comm\u00e9moration aura lieu samedi 19 mars \u00e0 11 h, aux monuments aux Morts (\u00e9glise). Du 19 au 22 mars de 9 h \u00e0 12 h et de 14 h \u00e0 17 h la FNACA vous propose une exposition sur la guerre d&rsquo;Alg\u00e9rie \u00e0 voir \u00e0 la m\u00e9diath\u00e8que de Mouthiers. Renseignements : &hellip; <a href=\"https:\/\/www.mouthiers-sur-boeme.fr\/?p=8979\" class=\"more-link\">Continuer la lecture de <span class=\"screen-reader-text\">Une guerre l&rsquo;histoire du comit\u00e9<\/span>  <span class=\"meta-nav\">&rarr;<\/span><\/a><\/p>\n","protected":false},"author":22,"featured_media":0,"comment_status":"open","ping_status":"open","sticky":false,"template":"","format":"standard","meta":[],"categories":[20,17],"tags":[],"_links":{"self":[{"href":"https:\/\/www.mouthiers-sur-boeme.fr\/index.php?rest_route=\/wp\/v2\/posts\/8979"}],"collection":[{"href":"https:\/\/www.mouthiers-sur-boeme.fr\/index.php?rest_route=\/wp\/v2\/posts"}],"about":[{"href":"https:\/\/www.mouthiers-sur-boeme.fr\/index.php?rest_route=\/wp\/v2\/types\/post"}],"author":[{"embeddable":true,"href":"https:\/\/www.mouthiers-sur-boeme.fr\/index.php?rest_route=\/wp\/v2\/users\/22"}],"replies":[{"embeddable":true,"href":"https:\/\/www.mouthiers-sur-boeme.fr\/index.php?rest_route=%2Fwp%2Fv2%2Fcomments&post=8979"}],"version-history":[{"count":2,"href":"https:\/\/www.mouthiers-sur-boeme.fr\/index.php?rest_route=\/wp\/v2\/posts\/8979\/revisions"}],"predecessor-version":[{"id":8994,"href":"https:\/\/www.mouthiers-sur-boeme.fr\/index.php?rest_route=\/wp\/v2\/posts\/8979\/revisions\/8994"}],"wp:attachment":[{"href":"https:\/\/www.mouthiers-sur-boeme.fr\/index.php?rest_route=%2Fwp%2Fv2%2Fmedia&parent=8979"}],"wp:term":[{"taxonomy":"category","embeddable":true,"href":"https:\/\/www.mouthiers-sur-boeme.fr\/index.php?rest_route=%2Fwp%2Fv2%2Fcategories&post=8979"},{"taxonomy":"post_tag","embeddable":true,"href":"https:\/\/www.mouthiers-sur-boeme.fr\/index.php?rest_route=%2Fwp%2Fv2%2Ftags&post=8979"}],"curies":[{"name":"wp","href":"https:\/\/api.w.org\/{rel}","templated":true}]}}