{"id":8984,"date":"2022-03-20T10:31:25","date_gmt":"2022-03-20T09:31:25","guid":{"rendered":"https:\/\/www.mouthiers-sur-boeme.fr\/?p=8984"},"modified":"2022-05-07T09:10:19","modified_gmt":"2022-05-07T08:10:19","slug":"samedi-2-avril","status":"publish","type":"post","link":"https:\/\/www.mouthiers-sur-boeme.fr\/?p=8984","title":{"rendered":"Samedi 2 avril"},"content":{"rendered":"\n<div class=\"wp-block-columns\">\n<div class=\"wp-block-column\" style=\"flex-basis:100%\">\n<p class=\"has-text-align-center has-text-color has-medium-font-size\" style=\"color:#325a29\"><strong>Passionn\u00e9s de plantes, promeneurs, curieux et amateurs venez vous retrouver pour une matin\u00e9e TROC boutures, graines et autres conseils.<\/strong><\/p>\n\n\n\n<p class=\"has-text-align-center has-text-color has-large-font-size\" style=\"color:#248ebb\"><strong>De 9h30 \u00e0 12h30 au chevet de l\u2019\u00e9glise<\/strong><\/p>\n\n\n\n<p class=\"has-text-align-center has-text-color has-medium-font-size\" style=\"color:#48883a\"><strong>Moment de partage tant v\u00e9g\u00e9tal qu\u2019humain dans la convivialit\u00e9.<\/strong><\/p>\n<\/div>\n<\/div>\n\n\n\n<figure class=\"wp-block-image size-large\"><a href=\"https:\/\/www.mouthiers-sur-boeme.fr\/wp-content\/uploads\/2022\/03\/affiche-troc-plantes-avril-2022-1.jpeg\"><img loading=\"lazy\" width=\"801\" height=\"1024\" src=\"https:\/\/www.mouthiers-sur-boeme.fr\/wp-content\/uploads\/2022\/03\/affiche-troc-plantes-avril-2022-1-801x1024.jpeg\" alt=\"\" class=\"wp-image-8987\" srcset=\"https:\/\/www.mouthiers-sur-boeme.fr\/wp-content\/uploads\/2022\/03\/affiche-troc-plantes-avril-2022-1-801x1024.jpeg 801w, https:\/\/www.mouthiers-sur-boeme.fr\/wp-content\/uploads\/2022\/03\/affiche-troc-plantes-avril-2022-1-235x300.jpeg 235w, https:\/\/www.mouthiers-sur-boeme.fr\/wp-content\/uploads\/2022\/03\/affiche-troc-plantes-avril-2022-1-768x982.jpeg 768w, https:\/\/www.mouthiers-sur-boeme.fr\/wp-content\/uploads\/2022\/03\/affiche-troc-plantes-avril-2022-1.jpeg 897w\" sizes=\"(max-width: 801px) 100vw, 801px\" \/><\/a><\/figure>\n","protected":false},"excerpt":{"rendered":"<p>Passionn\u00e9s de plantes, promeneurs, curieux et amateurs venez vous retrouver pour une matin\u00e9e TROC boutures, graines et autres conseils. De 9h30 \u00e0 12h30 au chevet de l\u2019\u00e9glise Moment de partage tant v\u00e9g\u00e9tal qu\u2019humain dans la convivialit\u00e9.<\/p>\n","protected":false},"author":22,"featured_media":8985,"comment_status":"open","ping_status":"open","sticky":false,"template":"","format":"standard","meta":[],"categories":[85,13],"tags":[],"_links":{"self":[{"href":"https:\/\/www.mouthiers-sur-boeme.fr\/index.php?rest_route=\/wp\/v2\/posts\/8984"}],"collection":[{"href":"https:\/\/www.mouthiers-sur-boeme.fr\/index.php?rest_route=\/wp\/v2\/posts"}],"about":[{"href":"https:\/\/www.mouthiers-sur-boeme.fr\/index.php?rest_route=\/wp\/v2\/types\/post"}],"author":[{"embeddable":true,"href":"https:\/\/www.mouthiers-sur-boeme.fr\/index.php?rest_route=\/wp\/v2\/users\/22"}],"replies":[{"embeddable":true,"href":"https:\/\/www.mouthiers-sur-boeme.fr\/index.php?rest_route=%2Fwp%2Fv2%2Fcomments&post=8984"}],"version-history":[{"count":3,"href":"https:\/\/www.mouthiers-sur-boeme.fr\/index.php?rest_route=\/wp\/v2\/posts\/8984\/revisions"}],"predecessor-version":[{"id":9004,"href":"https:\/\/www.mouthiers-sur-boeme.fr\/index.php?rest_route=\/wp\/v2\/posts\/8984\/revisions\/9004"}],"wp:featuredmedia":[{"embeddable":true,"href":"https:\/\/www.mouthiers-sur-boeme.fr\/index.php?rest_route=\/wp\/v2\/media\/8985"}],"wp:attachment":[{"href":"https:\/\/www.mouthiers-sur-boeme.fr\/index.php?rest_route=%2Fwp%2Fv2%2Fmedia&parent=8984"}],"wp:term":[{"taxonomy":"category","embeddable":true,"href":"https:\/\/www.mouthiers-sur-boeme.fr\/index.php?rest_route=%2Fwp%2Fv2%2Fcategories&post=8984"},{"taxonomy":"post_tag","embeddable":true,"href":"https:\/\/www.mouthiers-sur-boeme.fr\/index.php?rest_route=%2Fwp%2Fv2%2Ftags&post=8984"}],"curies":[{"name":"wp","href":"https:\/\/api.w.org\/{rel}","templated":true}]}}