{"id":9049,"date":"2022-04-16T09:43:07","date_gmt":"2022-04-16T08:43:07","guid":{"rendered":"https:\/\/www.mouthiers-sur-boeme.fr\/?p=9049"},"modified":"2022-05-21T08:42:57","modified_gmt":"2022-05-21T07:42:57","slug":"jeudi-21-avril-20h30","status":"publish","type":"post","link":"https:\/\/www.mouthiers-sur-boeme.fr\/?p=9049","title":{"rendered":"Jeudi 21 avril 20h30"},"content":{"rendered":"\n<div class=\"wp-block-image\"><figure class=\"aligncenter size-large is-resized\"><a href=\"https:\/\/www.mouthiers-sur-boeme.fr\/wp-content\/uploads\/2022\/03\/images1.jpg\"><img loading=\"lazy\" src=\"https:\/\/www.mouthiers-sur-boeme.fr\/wp-content\/uploads\/2022\/03\/images1-756x1024.jpg\" alt=\"\" class=\"wp-image-8955\" width=\"491\" height=\"665\"\/><\/a><\/figure><\/div>\n\n\n\n<h1>Presque<\/h1>\n\n\n\n<p>De <strong>Bernard Campan, Alexandre Jollien<\/strong><br>Avec <strong>Bernard Campan, Alexandre Jollien, Tiphaine Daviot<\/strong><br>Genre <strong>Com\u00e9die dramatique, Drame,<\/strong><br>Nationalit\u00e9s <strong>fran\u00e7ais, suisse<\/strong><br>Dur\u00e9e <strong>1h 32<\/strong><\/p>\n\n\n\n<hr class=\"wp-block-separator\"\/>\n\n\n\n<p>Deux hommes prennent la route, de Lausanne vers le sud de la France, dans un corbillard. Ils se connaissent peu, ont peu de choses en commun, du moins le croient-ils\u2026<\/p>\n\n\n\n<p>Bande annonce sur le site <a rel=\"noreferrer noopener\" href=\"https:\/\/www.crcatb.fr\/films-cinema-charente-crcatb\/article\/presque\" target=\"_blank\">CRCATB<\/a><\/p>\n\n\n\n<p><\/p>\n\n\n\n<p class=\"has-text-align-center has-text-color has-medium-font-size\" style=\"color:#de1717\"><strong>\u00c0 venir dans votre salle pr\u00e9f\u00e9r\u00e9e :<\/strong><\/p>\n\n\n\n<p class=\"has-text-align-center has-text-color\" style=\"color:#2737eb;font-size:21px\"><strong>Jeudi 5 mai <em>COMPAGNONS<\/em><\/strong><\/p>\n\n\n\n<p class=\"has-text-align-center has-text-color has-medium-font-size\" style=\"color:#ea2016\"><strong>ATTENTION diffusion exceptionnelle un mercredi<\/strong><\/p>\n\n\n\n<p class=\"has-text-align-center has-text-color\" style=\"color:#314ce5;font-size:21px\"><strong>Mercredi 18 mai <\/strong><a href=\"https:\/\/www.crcatb.fr\/films-cinema-charente-crcatb\/article\/en-corps\" target=\"_blank\" rel=\"noreferrer noopener\"><strong><em>EN CORPS<\/em> <\/strong>(bande annonce)<\/a><\/p>\n\n\n\n<p><\/p>\n\n\n\n<p class=\"has-text-align-center has-text-color\" style=\"color:#3f62ed;font-size:21px\"><strong>Jeudi 2 juin <\/strong><a href=\"https:\/\/www.crcatb.fr\/films-cinema-charente-crcatb\/article\/maison-de-retraite\" target=\"_blank\" rel=\"noreferrer noopener\"><strong>MAISON DE RETRAITE<\/strong> (bande annonce)<\/a><\/p>\n","protected":false},"excerpt":{"rendered":"<p>Presque De Bernard Campan, Alexandre JollienAvec Bernard Campan, Alexandre Jollien, Tiphaine DaviotGenre Com\u00e9die dramatique, Drame,Nationalit\u00e9s fran\u00e7ais, suisseDur\u00e9e 1h 32 Deux hommes prennent la route, de Lausanne vers le sud de la France, dans un corbillard. Ils se connaissent peu, ont peu de choses en commun, du moins le croient-ils\u2026 Bande annonce sur le site CRCATB &hellip; <a href=\"https:\/\/www.mouthiers-sur-boeme.fr\/?p=9049\" class=\"more-link\">Continuer la lecture de <span class=\"screen-reader-text\">Jeudi 21 avril 20h30<\/span>  <span class=\"meta-nav\">&rarr;<\/span><\/a><\/p>\n","protected":false},"author":22,"featured_media":0,"comment_status":"open","ping_status":"open","sticky":false,"template":"","format":"standard","meta":[],"categories":[65,71],"tags":[],"_links":{"self":[{"href":"https:\/\/www.mouthiers-sur-boeme.fr\/index.php?rest_route=\/wp\/v2\/posts\/9049"}],"collection":[{"href":"https:\/\/www.mouthiers-sur-boeme.fr\/index.php?rest_route=\/wp\/v2\/posts"}],"about":[{"href":"https:\/\/www.mouthiers-sur-boeme.fr\/index.php?rest_route=\/wp\/v2\/types\/post"}],"author":[{"embeddable":true,"href":"https:\/\/www.mouthiers-sur-boeme.fr\/index.php?rest_route=\/wp\/v2\/users\/22"}],"replies":[{"embeddable":true,"href":"https:\/\/www.mouthiers-sur-boeme.fr\/index.php?rest_route=%2Fwp%2Fv2%2Fcomments&post=9049"}],"version-history":[{"count":2,"href":"https:\/\/www.mouthiers-sur-boeme.fr\/index.php?rest_route=\/wp\/v2\/posts\/9049\/revisions"}],"predecessor-version":[{"id":9054,"href":"https:\/\/www.mouthiers-sur-boeme.fr\/index.php?rest_route=\/wp\/v2\/posts\/9049\/revisions\/9054"}],"wp:attachment":[{"href":"https:\/\/www.mouthiers-sur-boeme.fr\/index.php?rest_route=%2Fwp%2Fv2%2Fmedia&parent=9049"}],"wp:term":[{"taxonomy":"category","embeddable":true,"href":"https:\/\/www.mouthiers-sur-boeme.fr\/index.php?rest_route=%2Fwp%2Fv2%2Fcategories&post=9049"},{"taxonomy":"post_tag","embeddable":true,"href":"https:\/\/www.mouthiers-sur-boeme.fr\/index.php?rest_route=%2Fwp%2Fv2%2Ftags&post=9049"}],"curies":[{"name":"wp","href":"https:\/\/api.w.org\/{rel}","templated":true}]}}