{"id":9060,"date":"2022-04-30T09:53:18","date_gmt":"2022-04-30T08:53:18","guid":{"rendered":"https:\/\/www.mouthiers-sur-boeme.fr\/?p=9060"},"modified":"2022-05-21T08:42:19","modified_gmt":"2022-05-21T07:42:19","slug":"jeudi-5-mai-a-20h30","status":"publish","type":"post","link":"https:\/\/www.mouthiers-sur-boeme.fr\/?p=9060","title":{"rendered":"jeudi 5 mai \u00e0 20h30"},"content":{"rendered":"\n<h1>Compagnons<\/h1>\n\n\n\n<p>De <strong>Fran\u00e7ois Favrat<\/strong><br>Avec <strong>Najaa, Agn\u00e8s Jaoui, Pio Marma\u00ef<\/strong><br>Genre <strong>Com\u00e9die, Drame<\/strong><br>Nationalit\u00e9 <strong>France<\/strong><br>Dur\u00e9e <strong>1h 50<\/strong><\/p>\n\n\n\n<hr class=\"wp-block-separator\"\/>\n\n\n\n<p>\u00c0 19 ans, passionn\u00e9e de street art, Na\u00eblle est contrainte de suivre avec d\u2019autres jeunes un chantier de r\u00e9insertion, sa derni\u00e8re chance pour \u00e9viter d\u2019\u00eatre s\u00e9par\u00e9e de ses proches. Touch\u00e9e par la jeune fille, H\u00e9l\u00e8ne, la responsable du chantier, lui pr\u00e9sente un jour la Maison des Compagnons de Nantes, un monde de traditions qui pr\u00f4ne l\u2019excellence artisanale et la transmission entre g\u00e9n\u00e9rations. Aux c\u00f4t\u00e9s de Paul, Compagnon vitrailliste qui accepte de la prendre en formation dans son atelier, Na\u00eblle d\u00e9couvre un univers aux codes bien diff\u00e9rents du sien&#8230; qui, malgr\u00e9 les difficult\u00e9s, pourrait donner un nouveau sens \u00e0 sa vie.<\/p>\n\n\n\n<p><a rel=\"noreferrer noopener\" href=\"https:\/\/www.crcatb.fr\/films-cinema-charente-crcatb\/article\/compagnons\" target=\"_blank\">Bande annonce site CRCATB<\/a><\/p>\n\n\n\n<div class=\"wp-block-image\"><figure class=\"aligncenter size-large\"><a href=\"https:\/\/www.mouthiers-sur-boeme.fr\/wp-content\/uploads\/2022\/04\/compagnons-1.jpg\"><img src=\"https:\/\/www.mouthiers-sur-boeme.fr\/wp-content\/uploads\/2022\/04\/compagnons-1.jpg\" alt=\"\" class=\"wp-image-9066\"\/><\/a><\/figure><\/div>\n\n\n\n<h3 class=\"has-text-align-center has-text-color\" style=\"color:#eb160b\">\u00c0 VENIR dans votre salle pr\u00e9f\u00e9r\u00e9e<\/h3>\n\n\n\n<h3><strong>mercredi 18 mai<\/strong> \u00e0&nbsp;20h30 <a href=\"https:\/\/www.crcatb.fr\/films-cinema-charente-crcatb\/article\/en-corps\" target=\"_blank\" rel=\"noreferrer noopener\">En corps<\/a><\/h3>\n\n\n\n<h3><strong>jeudi 2 juin<\/strong> \u00e0&nbsp;20h30 <a href=\"https:\/\/www.crcatb.fr\/films-cinema-charente-crcatb\/article\/maison-de-retraite\" target=\"_blank\" rel=\"noreferrer noopener\">Maison de Retraite<\/a><\/h3>\n\n\n\n<h3><strong>jeudi 16 juin<\/strong> \u00e0&nbsp;20h30 <a href=\"https:\/\/www.crcatb.fr\/films-cinema-charente-crcatb\/article\/l-ombre-d-un-mensonge\" target=\"_blank\" rel=\"noreferrer noopener\">L\u2019Ombre d\u2019un mensonge<\/a><\/h3>\n\n\n\n<p><\/p>\n","protected":false},"excerpt":{"rendered":"<p>Compagnons De Fran\u00e7ois FavratAvec Najaa, Agn\u00e8s Jaoui, Pio Marma\u00efGenre Com\u00e9die, DrameNationalit\u00e9 FranceDur\u00e9e 1h 50 \u00c0 19 ans, passionn\u00e9e de street art, Na\u00eblle est contrainte de suivre avec d\u2019autres jeunes un chantier de r\u00e9insertion, sa derni\u00e8re chance pour \u00e9viter d\u2019\u00eatre s\u00e9par\u00e9e de ses proches. Touch\u00e9e par la jeune fille, H\u00e9l\u00e8ne, la responsable du chantier, lui pr\u00e9sente &hellip; <a href=\"https:\/\/www.mouthiers-sur-boeme.fr\/?p=9060\" class=\"more-link\">Continuer la lecture de <span class=\"screen-reader-text\">jeudi 5 mai \u00e0 20h30<\/span>  <span class=\"meta-nav\">&rarr;<\/span><\/a><\/p>\n","protected":false},"author":22,"featured_media":0,"comment_status":"open","ping_status":"open","sticky":false,"template":"","format":"standard","meta":[],"categories":[65,71],"tags":[],"_links":{"self":[{"href":"https:\/\/www.mouthiers-sur-boeme.fr\/index.php?rest_route=\/wp\/v2\/posts\/9060"}],"collection":[{"href":"https:\/\/www.mouthiers-sur-boeme.fr\/index.php?rest_route=\/wp\/v2\/posts"}],"about":[{"href":"https:\/\/www.mouthiers-sur-boeme.fr\/index.php?rest_route=\/wp\/v2\/types\/post"}],"author":[{"embeddable":true,"href":"https:\/\/www.mouthiers-sur-boeme.fr\/index.php?rest_route=\/wp\/v2\/users\/22"}],"replies":[{"embeddable":true,"href":"https:\/\/www.mouthiers-sur-boeme.fr\/index.php?rest_route=%2Fwp%2Fv2%2Fcomments&post=9060"}],"version-history":[{"count":7,"href":"https:\/\/www.mouthiers-sur-boeme.fr\/index.php?rest_route=\/wp\/v2\/posts\/9060\/revisions"}],"predecessor-version":[{"id":9088,"href":"https:\/\/www.mouthiers-sur-boeme.fr\/index.php?rest_route=\/wp\/v2\/posts\/9060\/revisions\/9088"}],"wp:attachment":[{"href":"https:\/\/www.mouthiers-sur-boeme.fr\/index.php?rest_route=%2Fwp%2Fv2%2Fmedia&parent=9060"}],"wp:term":[{"taxonomy":"category","embeddable":true,"href":"https:\/\/www.mouthiers-sur-boeme.fr\/index.php?rest_route=%2Fwp%2Fv2%2Fcategories&post=9060"},{"taxonomy":"post_tag","embeddable":true,"href":"https:\/\/www.mouthiers-sur-boeme.fr\/index.php?rest_route=%2Fwp%2Fv2%2Ftags&post=9060"}],"curies":[{"name":"wp","href":"https:\/\/api.w.org\/{rel}","templated":true}]}}