{"id":9078,"date":"2022-05-07T09:21:06","date_gmt":"2022-05-07T08:21:06","guid":{"rendered":"https:\/\/www.mouthiers-sur-boeme.fr\/?p=9078"},"modified":"2022-09-07T07:20:46","modified_gmt":"2022-09-07T06:20:46","slug":"9078","status":"publish","type":"post","link":"https:\/\/www.mouthiers-sur-boeme.fr\/?p=9078","title":{"rendered":"GESTION DIFF\u00c9RENCI\u00c9E des espaces verts"},"content":{"rendered":"\n<p><br>Afin de pr\u00e9server la biodiversit\u00e9, la commune de Mouthiers s&rsquo;est engag\u00e9e dans le z\u00e9ro phyto d\u00e8s 2009.<br>Dans l&rsquo;objectif, conserver et augmenter la biodiversit\u00e9 de notre ville, il a \u00e9t\u00e9 mis en place l&rsquo;ann\u00e9e derni\u00e8re la fauche tardive. Ce mode de gestion diff\u00e9renci\u00e9e est une technique d&rsquo;entretien des espaces verts, plus proche de la nature, adapt\u00e9 selon les sites et dans le respect des usages.<\/p>\n\n\n\n<p>Il r\u00e9pond \u00e0 diff\u00e9rents enjeux :<\/p>\n\n\n\n<p><br>&#8211; jouer sur le paysage par les passages de tondeuses, les hauteurs de coupe,<br>&#8211; favoriser la v\u00e9g\u00e9tation naturelle,<br>&#8211; satisfaire les besoins du public tout en d\u00e9veloppant ces actions,<br>&#8211; limiter les pollutions (produits phytosanitaires, gaz \u00e0 effet de serre),<br>&#8211; diminuer l&rsquo;utilisation des \u00e9nergies fossiles, moins de surfaces tondues ou moins souvent,<br>&#8211; optimiser et adapter nos moyens (humains, financier, m\u00e9caniques).<\/p>\n\n\n\n<p class=\"has-normal-font-size\">Forts de l&rsquo;exp\u00e9rience de l&rsquo;\u00e9t\u00e9 dernier et des remont\u00e9es des habitants, les services techniques vont adapter ce mode de gestion.<br>La gestion diff\u00e9renci\u00e9e offre un nouveau regard sur le paysage urbain et sur la vie sous toutes ses formes et qui ne demandent qu&rsquo;\u00e0 \u00eatre observ\u00e9es et pr\u00e9serv\u00e9es.<br><br>En 2018, Charente Nature a r\u00e9alis\u00e9 un atlas de la biodiversit\u00e9 sur la commune que vous pouvez retrouver sur notre site internet. Cet atlas est en cours de r\u00e9actualisation gr\u00e2ce au financement du GrandAngoul\u00eame. Nous vous ferons un retour notamment lors du <strong>festival de la biodiversit\u00e9 pr\u00e9vu du 30 septembre au 2 octobre 2022.<\/strong><\/p>\n\n\n\n<div class=\"wp-block-image\"><figure class=\"aligncenter size-large is-resized\"><a href=\"https:\/\/www.mouthiers-sur-boeme.fr\/wp-content\/uploads\/2022\/05\/photo-bordure-route.jpg\"><img loading=\"lazy\" src=\"https:\/\/www.mouthiers-sur-boeme.fr\/wp-content\/uploads\/2022\/05\/photo-bordure-route-1024x768.jpg\" alt=\"\" class=\"wp-image-9079\" width=\"388\" height=\"291\" srcset=\"https:\/\/www.mouthiers-sur-boeme.fr\/wp-content\/uploads\/2022\/05\/photo-bordure-route-1024x768.jpg 1024w, https:\/\/www.mouthiers-sur-boeme.fr\/wp-content\/uploads\/2022\/05\/photo-bordure-route-300x225.jpg 300w, https:\/\/www.mouthiers-sur-boeme.fr\/wp-content\/uploads\/2022\/05\/photo-bordure-route-768x576.jpg 768w, https:\/\/www.mouthiers-sur-boeme.fr\/wp-content\/uploads\/2022\/05\/photo-bordure-route-1536x1152.jpg 1536w, https:\/\/www.mouthiers-sur-boeme.fr\/wp-content\/uploads\/2022\/05\/photo-bordure-route.jpg 1984w\" sizes=\"(max-width: 388px) 100vw, 388px\" \/><\/a><figcaption>Exemple de tonte diff\u00e9renci\u00e9e en bordure de route.<\/figcaption><\/figure><\/div>\n\n\n\n<div class=\"wp-block-image\"><figure class=\"aligncenter size-large is-resized\"><a href=\"https:\/\/www.mouthiers-sur-boeme.fr\/wp-content\/uploads\/2022\/05\/photo-tonte-raisonnee.jpg\"><img loading=\"lazy\" src=\"https:\/\/www.mouthiers-sur-boeme.fr\/wp-content\/uploads\/2022\/05\/photo-tonte-raisonnee-1024x768.jpg\" alt=\"\" class=\"wp-image-9080\" width=\"384\" height=\"288\" srcset=\"https:\/\/www.mouthiers-sur-boeme.fr\/wp-content\/uploads\/2022\/05\/photo-tonte-raisonnee-1024x768.jpg 1024w, https:\/\/www.mouthiers-sur-boeme.fr\/wp-content\/uploads\/2022\/05\/photo-tonte-raisonnee-300x225.jpg 300w, https:\/\/www.mouthiers-sur-boeme.fr\/wp-content\/uploads\/2022\/05\/photo-tonte-raisonnee-768x576.jpg 768w, https:\/\/www.mouthiers-sur-boeme.fr\/wp-content\/uploads\/2022\/05\/photo-tonte-raisonnee-1536x1152.jpg 1536w, https:\/\/www.mouthiers-sur-boeme.fr\/wp-content\/uploads\/2022\/05\/photo-tonte-raisonnee.jpg 1984w\" sizes=\"(max-width: 384px) 100vw, 384px\" \/><\/a><figcaption>Espace propice au maintien de la biodiversit\u00e9.<\/figcaption><\/figure><\/div>\n","protected":false},"excerpt":{"rendered":"<p>Afin de pr\u00e9server la biodiversit\u00e9, la commune de Mouthiers s&rsquo;est engag\u00e9e dans le z\u00e9ro phyto d\u00e8s 2009.Dans l&rsquo;objectif, conserver et augmenter la biodiversit\u00e9 de notre ville, il a \u00e9t\u00e9 mis en place l&rsquo;ann\u00e9e derni\u00e8re la fauche tardive. Ce mode de gestion diff\u00e9renci\u00e9e est une technique d&rsquo;entretien des espaces verts, plus proche de la nature, adapt\u00e9 &hellip; <a href=\"https:\/\/www.mouthiers-sur-boeme.fr\/?p=9078\" class=\"more-link\">Continuer la lecture de <span class=\"screen-reader-text\">GESTION DIFF\u00c9RENCI\u00c9E des espaces verts<\/span>  <span class=\"meta-nav\">&rarr;<\/span><\/a><\/p>\n","protected":false},"author":22,"featured_media":9084,"comment_status":"open","ping_status":"open","sticky":false,"template":"","format":"standard","meta":[],"categories":[4,13],"tags":[],"_links":{"self":[{"href":"https:\/\/www.mouthiers-sur-boeme.fr\/index.php?rest_route=\/wp\/v2\/posts\/9078"}],"collection":[{"href":"https:\/\/www.mouthiers-sur-boeme.fr\/index.php?rest_route=\/wp\/v2\/posts"}],"about":[{"href":"https:\/\/www.mouthiers-sur-boeme.fr\/index.php?rest_route=\/wp\/v2\/types\/post"}],"author":[{"embeddable":true,"href":"https:\/\/www.mouthiers-sur-boeme.fr\/index.php?rest_route=\/wp\/v2\/users\/22"}],"replies":[{"embeddable":true,"href":"https:\/\/www.mouthiers-sur-boeme.fr\/index.php?rest_route=%2Fwp%2Fv2%2Fcomments&post=9078"}],"version-history":[{"count":2,"href":"https:\/\/www.mouthiers-sur-boeme.fr\/index.php?rest_route=\/wp\/v2\/posts\/9078\/revisions"}],"predecessor-version":[{"id":9083,"href":"https:\/\/www.mouthiers-sur-boeme.fr\/index.php?rest_route=\/wp\/v2\/posts\/9078\/revisions\/9083"}],"wp:featuredmedia":[{"embeddable":true,"href":"https:\/\/www.mouthiers-sur-boeme.fr\/index.php?rest_route=\/wp\/v2\/media\/9084"}],"wp:attachment":[{"href":"https:\/\/www.mouthiers-sur-boeme.fr\/index.php?rest_route=%2Fwp%2Fv2%2Fmedia&parent=9078"}],"wp:term":[{"taxonomy":"category","embeddable":true,"href":"https:\/\/www.mouthiers-sur-boeme.fr\/index.php?rest_route=%2Fwp%2Fv2%2Fcategories&post=9078"},{"taxonomy":"post_tag","embeddable":true,"href":"https:\/\/www.mouthiers-sur-boeme.fr\/index.php?rest_route=%2Fwp%2Fv2%2Ftags&post=9078"}],"curies":[{"name":"wp","href":"https:\/\/api.w.org\/{rel}","templated":true}]}}