{"id":9085,"date":"2022-05-07T09:43:04","date_gmt":"2022-05-07T08:43:04","guid":{"rendered":"https:\/\/www.mouthiers-sur-boeme.fr\/?p=9085"},"modified":"2022-06-06T09:25:49","modified_gmt":"2022-06-06T08:25:49","slug":"jeudi-2-juin-a-20h30","status":"publish","type":"post","link":"https:\/\/www.mouthiers-sur-boeme.fr\/?p=9085","title":{"rendered":"JEUDI 2 JUIN \u00c0 20H30"},"content":{"rendered":"\n<h1>Maison de Retraite<\/h1>\n\n\n\n<p>De <strong>Thomas Gilou<\/strong><br>Avec <strong>Kev Adams, G\u00e9rard Depardieu, Daniel Pr\u00e9vost<\/strong><br>Genre <strong>Com\u00e9die<\/strong><br>Nationalit\u00e9 <strong>France<\/strong><br>Dur\u00e9e <strong>1h 37<\/strong><\/p>\n\n\n\n<hr class=\"wp-block-separator\"\/>\n\n\n\n<p>Afin d\u2019\u00e9viter la case prison, Milann, 30 ans, est contraint d\u2019effectuer 300 heures de travaux d\u2019int\u00e9r\u00eats g\u00e9n\u00e9raux dans une maison de retraite, Les Mimosas. Ses premi\u00e8res semaines sont un v\u00e9ritable enfer&nbsp;! Mais il se fait rapidement adopter par les retrait\u00e9s, en particulier par une bande de 7 ins\u00e9parables qui lui apprennent, chacun \u00e0 leur mani\u00e8re, leur vision de la vie. Au fil des semaines, Milann d\u00e9couvre que l\u2019\u00e9tablissement profite de la vuln\u00e9rabilit\u00e9 de ses pensionnaires pour les arnaquer. Il d\u00e9cide alors d\u2019organiser une grande \u00e9vasion, mais il n\u2019est pas au bout de ses peines&#8230;<\/p>\n\n\n\n<p>BANDE ANNONCE sur le <a rel=\"noreferrer noopener\" href=\"https:\/\/www.crcatb.fr\/films-cinema-charente-crcatb\/article\/maison-de-retraite\" target=\"_blank\">site CRCATB<\/a><\/p>\n\n\n\n<h3><strong>jeudi 2 juin<\/strong> \u00e0&nbsp;20h30 <a href=\"https:\/\/www.crcatb.fr\/films-cinema-charente-crcatb\/article\/maison-de-retraite\">Maison de Retraite<\/a><\/h3>\n\n\n\n<h3><strong>jeudi 16 juin<\/strong> \u00e0&nbsp;20h30 <a href=\"https:\/\/www.crcatb.fr\/films-cinema-charente-crcatb\/article\/l-ombre-d-un-mensonge\">L\u2019Ombre d\u2019un mensonge<\/a><\/h3>\n\n\n\n<p><\/p>\n","protected":false},"excerpt":{"rendered":"<p>Maison de Retraite De Thomas GilouAvec Kev Adams, G\u00e9rard Depardieu, Daniel Pr\u00e9vostGenre Com\u00e9dieNationalit\u00e9 FranceDur\u00e9e 1h 37 Afin d\u2019\u00e9viter la case prison, Milann, 30 ans, est contraint d\u2019effectuer 300 heures de travaux d\u2019int\u00e9r\u00eats g\u00e9n\u00e9raux dans une maison de retraite, Les Mimosas. Ses premi\u00e8res semaines sont un v\u00e9ritable enfer&nbsp;! Mais il se fait rapidement adopter par les &hellip; <a href=\"https:\/\/www.mouthiers-sur-boeme.fr\/?p=9085\" class=\"more-link\">Continuer la lecture de <span class=\"screen-reader-text\">JEUDI 2 JUIN \u00c0 20H30<\/span>  <span class=\"meta-nav\">&rarr;<\/span><\/a><\/p>\n","protected":false},"author":22,"featured_media":0,"comment_status":"open","ping_status":"open","sticky":false,"template":"","format":"standard","meta":[],"categories":[65,71],"tags":[],"_links":{"self":[{"href":"https:\/\/www.mouthiers-sur-boeme.fr\/index.php?rest_route=\/wp\/v2\/posts\/9085"}],"collection":[{"href":"https:\/\/www.mouthiers-sur-boeme.fr\/index.php?rest_route=\/wp\/v2\/posts"}],"about":[{"href":"https:\/\/www.mouthiers-sur-boeme.fr\/index.php?rest_route=\/wp\/v2\/types\/post"}],"author":[{"embeddable":true,"href":"https:\/\/www.mouthiers-sur-boeme.fr\/index.php?rest_route=\/wp\/v2\/users\/22"}],"replies":[{"embeddable":true,"href":"https:\/\/www.mouthiers-sur-boeme.fr\/index.php?rest_route=%2Fwp%2Fv2%2Fcomments&post=9085"}],"version-history":[{"count":3,"href":"https:\/\/www.mouthiers-sur-boeme.fr\/index.php?rest_route=\/wp\/v2\/posts\/9085\/revisions"}],"predecessor-version":[{"id":9091,"href":"https:\/\/www.mouthiers-sur-boeme.fr\/index.php?rest_route=\/wp\/v2\/posts\/9085\/revisions\/9091"}],"wp:attachment":[{"href":"https:\/\/www.mouthiers-sur-boeme.fr\/index.php?rest_route=%2Fwp%2Fv2%2Fmedia&parent=9085"}],"wp:term":[{"taxonomy":"category","embeddable":true,"href":"https:\/\/www.mouthiers-sur-boeme.fr\/index.php?rest_route=%2Fwp%2Fv2%2Fcategories&post=9085"},{"taxonomy":"post_tag","embeddable":true,"href":"https:\/\/www.mouthiers-sur-boeme.fr\/index.php?rest_route=%2Fwp%2Fv2%2Ftags&post=9085"}],"curies":[{"name":"wp","href":"https:\/\/api.w.org\/{rel}","templated":true}]}}