{"id":9099,"date":"2022-05-14T10:44:27","date_gmt":"2022-05-14T09:44:27","guid":{"rendered":"https:\/\/www.mouthiers-sur-boeme.fr\/?p=9099"},"modified":"2022-05-21T08:28:00","modified_gmt":"2022-05-21T07:28:00","slug":"mercredi-18-mai","status":"publish","type":"post","link":"https:\/\/www.mouthiers-sur-boeme.fr\/?p=9099","title":{"rendered":"mercredi 18 mai"},"content":{"rendered":"\n<p class=\"has-text-align-center has-text-color has-medium-font-size\" style=\"color:#a30004\"><strong>ATTENTION EXCEPTIONNELLEMENT CHANGEMENT DE JOUR<\/strong><\/p>\n\n\n\n<h1>En corps<\/h1>\n\n\n\n<p>De <strong>C\u00e9dric Klapisch<\/strong><br>Avec <strong>Marion Barbeau, Hofesh Shechter, Denis Podalyd\u00e8s<\/strong><br>Genre <strong>Com\u00e9die dramatique, Drame, Com\u00e9die<\/strong><br>Nationalit\u00e9 <strong>France<\/strong><br>Dur\u00e9e <strong>2h 00<\/strong><\/p>\n\n\n\n<hr class=\"wp-block-separator\"\/>\n\n\n\n<p>Elise, 26 ans est une grande danseuse classique. Elle se blesse pendant un spectacle et apprend qu\u2019elle ne pourra plus danser. D\u00e8s lors sa vie va \u00eatre boulevers\u00e9e, Elise va devoir apprendre \u00e0 se r\u00e9parer\u2026 Entre Paris et la Bretagne, au gr\u00e9 des rencontres et des exp\u00e9riences, des d\u00e9ceptions et des espoirs, Elise va se rapprocher d\u2019une compagnie de danse contemporaine. Cette nouvelle fa\u00e7on de danser va lui permettre de retrouver un nouvel \u00e9lan et aussi une nouvelle fa\u00e7on de vivre.<\/p>\n\n\n\n<p><a rel=\"noreferrer noopener\" href=\"https:\/\/www.crcatb.fr\/films-cinema-charente-crcatb\/article\/en-corps\" target=\"_blank\">Site CRCATB<\/a><\/p>\n\n\n\n<div class=\"wp-block-image\"><figure class=\"aligncenter size-large\"><a href=\"https:\/\/www.mouthiers-sur-boeme.fr\/wp-content\/uploads\/2022\/05\/EN-CORPS-arton2007-c4270.jpg\"><img src=\"https:\/\/www.mouthiers-sur-boeme.fr\/wp-content\/uploads\/2022\/05\/EN-CORPS-arton2007-c4270.jpg\" alt=\"\" class=\"wp-image-9100\"\/><\/a><\/figure><\/div>\n","protected":false},"excerpt":{"rendered":"<p>ATTENTION EXCEPTIONNELLEMENT CHANGEMENT DE JOUR En corps De C\u00e9dric KlapischAvec Marion Barbeau, Hofesh Shechter, Denis Podalyd\u00e8sGenre Com\u00e9die dramatique, Drame, Com\u00e9dieNationalit\u00e9 FranceDur\u00e9e 2h 00 Elise, 26 ans est une grande danseuse classique. Elle se blesse pendant un spectacle et apprend qu\u2019elle ne pourra plus danser. D\u00e8s lors sa vie va \u00eatre boulevers\u00e9e, Elise va devoir apprendre &hellip; <a href=\"https:\/\/www.mouthiers-sur-boeme.fr\/?p=9099\" class=\"more-link\">Continuer la lecture de <span class=\"screen-reader-text\">mercredi 18 mai<\/span>  <span class=\"meta-nav\">&rarr;<\/span><\/a><\/p>\n","protected":false},"author":22,"featured_media":0,"comment_status":"open","ping_status":"open","sticky":false,"template":"","format":"standard","meta":[],"categories":[65,71],"tags":[],"_links":{"self":[{"href":"https:\/\/www.mouthiers-sur-boeme.fr\/index.php?rest_route=\/wp\/v2\/posts\/9099"}],"collection":[{"href":"https:\/\/www.mouthiers-sur-boeme.fr\/index.php?rest_route=\/wp\/v2\/posts"}],"about":[{"href":"https:\/\/www.mouthiers-sur-boeme.fr\/index.php?rest_route=\/wp\/v2\/types\/post"}],"author":[{"embeddable":true,"href":"https:\/\/www.mouthiers-sur-boeme.fr\/index.php?rest_route=\/wp\/v2\/users\/22"}],"replies":[{"embeddable":true,"href":"https:\/\/www.mouthiers-sur-boeme.fr\/index.php?rest_route=%2Fwp%2Fv2%2Fcomments&post=9099"}],"version-history":[{"count":2,"href":"https:\/\/www.mouthiers-sur-boeme.fr\/index.php?rest_route=\/wp\/v2\/posts\/9099\/revisions"}],"predecessor-version":[{"id":9104,"href":"https:\/\/www.mouthiers-sur-boeme.fr\/index.php?rest_route=\/wp\/v2\/posts\/9099\/revisions\/9104"}],"wp:attachment":[{"href":"https:\/\/www.mouthiers-sur-boeme.fr\/index.php?rest_route=%2Fwp%2Fv2%2Fmedia&parent=9099"}],"wp:term":[{"taxonomy":"category","embeddable":true,"href":"https:\/\/www.mouthiers-sur-boeme.fr\/index.php?rest_route=%2Fwp%2Fv2%2Fcategories&post=9099"},{"taxonomy":"post_tag","embeddable":true,"href":"https:\/\/www.mouthiers-sur-boeme.fr\/index.php?rest_route=%2Fwp%2Fv2%2Ftags&post=9099"}],"curies":[{"name":"wp","href":"https:\/\/api.w.org\/{rel}","templated":true}]}}