{"id":9179,"date":"2022-06-07T06:07:39","date_gmt":"2022-06-07T05:07:39","guid":{"rendered":"https:\/\/www.mouthiers-sur-boeme.fr\/?p=9179"},"modified":"2022-06-11T07:59:41","modified_gmt":"2022-06-11T06:59:41","slug":"juin-a-la-mediatheque","status":"publish","type":"post","link":"https:\/\/www.mouthiers-sur-boeme.fr\/?p=9179","title":{"rendered":"JUIN A LA M\u00c9DIATH\u00c8QUE"},"content":{"rendered":"\n<p><\/p>\n\n\n\n<p>Dans le cadre du Festival  Petite oreilles en Goguette :<\/p>\n\n\n\n<p>Mercredi 8 : 14&nbsp;h&nbsp;30  Atelier cr\u00e9atif pour les enfants de 3 \u00e0 5 ans. Gratuit. R\u00e9servation 05.45.67.89.47<\/p>\n\n\n\n<p>Samedi 11 : 10&nbsp;h&nbsp;30 Minute-Papillon. Lectures pour les enfants de 0 \u00e0 5 ans. Gratuit. R\u00e9servation 05.45.67.89.47<\/p>\n\n\n\n<p>Mercredi 15 : 10 h 30 MJC Spectacle Plume par la compagnie Les Bouches D\u00e9cousues. Pour tous de 10 mois \u00e0 6 ans. Gratuit. R\u00e9servation 05 45 67 89 47<\/p>\n","protected":false},"excerpt":{"rendered":"<p>Dans le cadre du Festival Petite oreilles en Goguette : Mercredi 8 : 14&nbsp;h&nbsp;30 Atelier cr\u00e9atif pour les enfants de 3 \u00e0 5 ans. Gratuit. R\u00e9servation 05.45.67.89.47 Samedi 11 : 10&nbsp;h&nbsp;30 Minute-Papillon. Lectures pour les enfants de 0 \u00e0 5 ans. Gratuit. R\u00e9servation 05.45.67.89.47 Mercredi 15 : 10 h 30 MJC Spectacle Plume par la &hellip; <a href=\"https:\/\/www.mouthiers-sur-boeme.fr\/?p=9179\" class=\"more-link\">Continuer la lecture de <span class=\"screen-reader-text\">JUIN A LA M\u00c9DIATH\u00c8QUE<\/span>  <span class=\"meta-nav\">&rarr;<\/span><\/a><\/p>\n","protected":false},"author":22,"featured_media":0,"comment_status":"open","ping_status":"open","sticky":false,"template":"","format":"standard","meta":[],"categories":[20],"tags":[],"_links":{"self":[{"href":"https:\/\/www.mouthiers-sur-boeme.fr\/index.php?rest_route=\/wp\/v2\/posts\/9179"}],"collection":[{"href":"https:\/\/www.mouthiers-sur-boeme.fr\/index.php?rest_route=\/wp\/v2\/posts"}],"about":[{"href":"https:\/\/www.mouthiers-sur-boeme.fr\/index.php?rest_route=\/wp\/v2\/types\/post"}],"author":[{"embeddable":true,"href":"https:\/\/www.mouthiers-sur-boeme.fr\/index.php?rest_route=\/wp\/v2\/users\/22"}],"replies":[{"embeddable":true,"href":"https:\/\/www.mouthiers-sur-boeme.fr\/index.php?rest_route=%2Fwp%2Fv2%2Fcomments&post=9179"}],"version-history":[{"count":2,"href":"https:\/\/www.mouthiers-sur-boeme.fr\/index.php?rest_route=\/wp\/v2\/posts\/9179\/revisions"}],"predecessor-version":[{"id":9206,"href":"https:\/\/www.mouthiers-sur-boeme.fr\/index.php?rest_route=\/wp\/v2\/posts\/9179\/revisions\/9206"}],"wp:attachment":[{"href":"https:\/\/www.mouthiers-sur-boeme.fr\/index.php?rest_route=%2Fwp%2Fv2%2Fmedia&parent=9179"}],"wp:term":[{"taxonomy":"category","embeddable":true,"href":"https:\/\/www.mouthiers-sur-boeme.fr\/index.php?rest_route=%2Fwp%2Fv2%2Fcategories&post=9179"},{"taxonomy":"post_tag","embeddable":true,"href":"https:\/\/www.mouthiers-sur-boeme.fr\/index.php?rest_route=%2Fwp%2Fv2%2Ftags&post=9179"}],"curies":[{"name":"wp","href":"https:\/\/api.w.org\/{rel}","templated":true}]}}