{"id":9181,"date":"2022-06-07T06:14:32","date_gmt":"2022-06-07T05:14:32","guid":{"rendered":"https:\/\/www.mouthiers-sur-boeme.fr\/?p=9181"},"modified":"2022-09-29T08:09:23","modified_gmt":"2022-09-29T07:09:23","slug":"marches-de-producteurs","status":"publish","type":"post","link":"https:\/\/www.mouthiers-sur-boeme.fr\/?p=9181","title":{"rendered":"March\u00e9s de producteurs et cin\u00e9ma de plein air le 25 aout"},"content":{"rendered":"\n<h2 class=\"has-text-align-center has-green-color has-text-color\">Jeudi 25 ao\u00fbt apr\u00e8s votre moment convivial , vous pourrez prolonger votre soir\u00e9e avec le cin\u00e9ma de plein air et un film qui vous fera voyager avec beaucoup d&rsquo;humour : ANTOINETTE DANS LES C\u00c9VENNES. <\/h2>\n\n\n\n<p class=\"has-text-align-center\" style=\"font-size:22px\"><\/p>\n\n\n\n<p> Quatre sont pr\u00e9vus cet \u00e9t\u00e9 avec la tenue des buvettes par les associations de Mouthiers. Chaque march\u00e9 aura son animation. Bel \u00e9t\u00e9 \u00e0 toutes et tous. Rendez-vous donc, \u00e0 partir de 18 h 00 au chevet de l&rsquo;\u00e9glise :<\/p>\n\n\n\n<p>En juillet : jeudi 7 et jeudi 21   &#8211;  En ao\u00fbt : jeudi 11 et jeudi 25<\/p>\n\n\n\n<p><a rel=\"noreferrer noopener\" href=\"https:\/\/charente.chambre-agriculture.fr\/commercialiser\/marches-des-producteurs-de-pays\/toute-lactu-sur-les-mpp\/\" data-type=\"URL\" data-id=\"https:\/\/charente.chambre-agriculture.fr\/commercialiser\/marches-des-producteurs-de-pays\/toute-lactu-sur-les-mpp\/\" target=\"_blank\">Plus d&rsquo;infos<\/a><\/p>\n\n\n\n<p><a rel=\"noreferrer noopener\" href=\"https:\/\/www.facebook.com\/mppcharente\" data-type=\"URL\" data-id=\"https:\/\/www.facebook.com\/mppcharente\" target=\"_blank\">Facebook<\/a><\/p>\n\n\n\n<p><a rel=\"noreferrer noopener\" href=\"http:\/\/www.marches-producteurs.com\/charente\/marches\/marches-des-producteurs-de-pays-de-charente-saison-2020-2356?bounds=49.52288584078073&amp;bounds=-10.188373883214167&amp;bounds=43.72244333428202&amp;bounds=11.971710733704938&amp;distance=10&amp;endDate=&amp;snacks=false&amp;sort=1&amp;stalls=false&amp;startDate=&amp;zoom=6.209313684402977\" data-type=\"URL\" data-id=\"http:\/\/www.marches-producteurs.com\/charente\/marches\/marches-des-producteurs-de-pays-de-charente-saison-2020-2356?bounds=49.52288584078073&amp;bounds=-10.188373883214167&amp;bounds=43.72244333428202&amp;bounds=11.971710733704938&amp;distance=10&amp;endDate=&amp;snacks=false&amp;sort=1&amp;stalls=false&amp;startDate=&amp;zoom=6.209313684402977\" target=\"_blank\">Les march\u00e9s en <\/a><a href=\"http:\/\/www.marches-producteurs.com\/charente\/marches\/marches-des-producteurs-de-pays-de-charente-saison-2020-2356?bounds=49.52288584078073&amp;bounds=-10.188373883214167&amp;bounds=43.72244333428202&amp;bounds=11.971710733704938&amp;distance=10&amp;endDate=&amp;snacks=false&amp;sort=1&amp;stalls=false&amp;startDate=&amp;zoom=6.209313684402977\" data-type=\"URL\" data-id=\"http:\/\/www.marches-producteurs.com\/charente\/marches\/marches-des-producteurs-de-pays-de-charente-saison-2020-2356?bounds=49.52288584078073&amp;bounds=-10.188373883214167&amp;bounds=43.72244333428202&amp;bounds=11.971710733704938&amp;distance=10&amp;endDate=&amp;snacks=false&amp;sort=1&amp;stalls=false&amp;startDate=&amp;zoom=6.209313684402977\" target=\"_blank\" rel=\"noreferrer noopener\">F<\/a><a rel=\"noreferrer noopener\" href=\"http:\/\/www.marches-producteurs.com\/charente\/marches\/marches-des-producteurs-de-pays-de-charente-saison-2020-2356?bounds=49.52288584078073&amp;bounds=-10.188373883214167&amp;bounds=43.72244333428202&amp;bounds=11.971710733704938&amp;distance=10&amp;endDate=&amp;snacks=false&amp;sort=1&amp;stalls=false&amp;startDate=&amp;zoom=6.209313684402977\" data-type=\"URL\" data-id=\"http:\/\/www.marches-producteurs.com\/charente\/marches\/marches-des-producteurs-de-pays-de-charente-saison-2020-2356?bounds=49.52288584078073&amp;bounds=-10.188373883214167&amp;bounds=43.72244333428202&amp;bounds=11.971710733704938&amp;distance=10&amp;endDate=&amp;snacks=false&amp;sort=1&amp;stalls=false&amp;startDate=&amp;zoom=6.209313684402977\" target=\"_blank\">rance<\/a><\/p>\n","protected":false},"excerpt":{"rendered":"<p>Jeudi 25 ao\u00fbt apr\u00e8s votre moment convivial , vous pourrez prolonger votre soir\u00e9e avec le cin\u00e9ma de plein air et un film qui vous fera voyager avec beaucoup d&rsquo;humour : ANTOINETTE DANS LES C\u00c9VENNES. Quatre sont pr\u00e9vus cet \u00e9t\u00e9 avec la tenue des buvettes par les associations de Mouthiers. Chaque march\u00e9 aura son animation. Bel &hellip; <a href=\"https:\/\/www.mouthiers-sur-boeme.fr\/?p=9181\" class=\"more-link\">Continuer la lecture de <span class=\"screen-reader-text\">March\u00e9s de producteurs et cin\u00e9ma de plein air le 25 aout<\/span>  <span class=\"meta-nav\">&rarr;<\/span><\/a><\/p>\n","protected":false},"author":22,"featured_media":9297,"comment_status":"open","ping_status":"open","sticky":false,"template":"","format":"standard","meta":[],"categories":[65,102,11,71],"tags":[],"_links":{"self":[{"href":"https:\/\/www.mouthiers-sur-boeme.fr\/index.php?rest_route=\/wp\/v2\/posts\/9181"}],"collection":[{"href":"https:\/\/www.mouthiers-sur-boeme.fr\/index.php?rest_route=\/wp\/v2\/posts"}],"about":[{"href":"https:\/\/www.mouthiers-sur-boeme.fr\/index.php?rest_route=\/wp\/v2\/types\/post"}],"author":[{"embeddable":true,"href":"https:\/\/www.mouthiers-sur-boeme.fr\/index.php?rest_route=\/wp\/v2\/users\/22"}],"replies":[{"embeddable":true,"href":"https:\/\/www.mouthiers-sur-boeme.fr\/index.php?rest_route=%2Fwp%2Fv2%2Fcomments&post=9181"}],"version-history":[{"count":5,"href":"https:\/\/www.mouthiers-sur-boeme.fr\/index.php?rest_route=\/wp\/v2\/posts\/9181\/revisions"}],"predecessor-version":[{"id":9268,"href":"https:\/\/www.mouthiers-sur-boeme.fr\/index.php?rest_route=\/wp\/v2\/posts\/9181\/revisions\/9268"}],"wp:featuredmedia":[{"embeddable":true,"href":"https:\/\/www.mouthiers-sur-boeme.fr\/index.php?rest_route=\/wp\/v2\/media\/9297"}],"wp:attachment":[{"href":"https:\/\/www.mouthiers-sur-boeme.fr\/index.php?rest_route=%2Fwp%2Fv2%2Fmedia&parent=9181"}],"wp:term":[{"taxonomy":"category","embeddable":true,"href":"https:\/\/www.mouthiers-sur-boeme.fr\/index.php?rest_route=%2Fwp%2Fv2%2Fcategories&post=9181"},{"taxonomy":"post_tag","embeddable":true,"href":"https:\/\/www.mouthiers-sur-boeme.fr\/index.php?rest_route=%2Fwp%2Fv2%2Ftags&post=9181"}],"curies":[{"name":"wp","href":"https:\/\/api.w.org\/{rel}","templated":true}]}}