{"id":9187,"date":"2022-06-16T04:48:10","date_gmt":"2022-06-16T03:48:10","guid":{"rendered":"https:\/\/www.mouthiers-sur-boeme.fr\/?p=9187"},"modified":"2022-08-25T07:38:54","modified_gmt":"2022-08-25T06:38:54","slug":"le-petit-chaperon-rouge","status":"publish","type":"post","link":"https:\/\/www.mouthiers-sur-boeme.fr\/?p=9187","title":{"rendered":"vENDREDI 8  JUiLLET \u00c0 20H30 DIMANCHE 10 JUILLET \u00c0 17H"},"content":{"rendered":"\n<p>Vendredi 8 juillet 20 h 30 et dimanche 10 juillet 17 h &#8211; MJC Jules Berry <\/p>\n\n\n\n<p>Le petit chaperon rouge de Jo\u00ebl Pommerat, par la Compagnie Olive de Lux. R\u00e9servations : olive2lux@gmail.com ou 06 14 58 40 40.<\/p>\n\n\n\n<p>Entr\u00e9es  : 10 \u20ac &#8211; Adh\u00e9rents MJC ou Cie Olive de Lux : 8 \u20ac &#8211; Enfants 8-12 ans : 5 \u20ac.     Buvette sur place<\/p>\n\n\n\n<p>Spectacle \u00e0 partir de 8 ans.<\/p>\n\n\n\n<figure class=\"wp-block-image size-large\"><a href=\"https:\/\/www.mouthiers-sur-boeme.fr\/wp-content\/uploads\/2022\/06\/Cie-Olive-de-Lux-Le-Petit-Chaperon-Rouge-scaled.jpg\" target=\"_blank\" rel=\"noopener\"><img loading=\"lazy\" width=\"1024\" height=\"724\" src=\"https:\/\/www.mouthiers-sur-boeme.fr\/wp-content\/uploads\/2022\/06\/Cie-Olive-de-Lux-Le-Petit-Chaperon-Rouge-1024x724.jpg\" alt=\"\" class=\"wp-image-9210\" srcset=\"https:\/\/www.mouthiers-sur-boeme.fr\/wp-content\/uploads\/2022\/06\/Cie-Olive-de-Lux-Le-Petit-Chaperon-Rouge-1024x724.jpg 1024w, https:\/\/www.mouthiers-sur-boeme.fr\/wp-content\/uploads\/2022\/06\/Cie-Olive-de-Lux-Le-Petit-Chaperon-Rouge-300x212.jpg 300w, https:\/\/www.mouthiers-sur-boeme.fr\/wp-content\/uploads\/2022\/06\/Cie-Olive-de-Lux-Le-Petit-Chaperon-Rouge-768x543.jpg 768w, https:\/\/www.mouthiers-sur-boeme.fr\/wp-content\/uploads\/2022\/06\/Cie-Olive-de-Lux-Le-Petit-Chaperon-Rouge-1536x1086.jpg 1536w, https:\/\/www.mouthiers-sur-boeme.fr\/wp-content\/uploads\/2022\/06\/Cie-Olive-de-Lux-Le-Petit-Chaperon-Rouge-2048x1448.jpg 2048w\" sizes=\"(max-width: 1024px) 100vw, 1024px\" \/><\/a><\/figure>\n\n\n\n<p><\/p>\n","protected":false},"excerpt":{"rendered":"<p>Vendredi 8 juillet 20 h 30 et dimanche 10 juillet 17 h &#8211; MJC Jules Berry Le petit chaperon rouge de Jo\u00ebl Pommerat, par la Compagnie Olive de Lux. R\u00e9servations : olive2lux@gmail.com ou 06 14 58 40 40. Entr\u00e9es : 10 \u20ac &#8211; Adh\u00e9rents MJC ou Cie Olive de Lux : 8 \u20ac &#8211; Enfants &hellip; <a href=\"https:\/\/www.mouthiers-sur-boeme.fr\/?p=9187\" class=\"more-link\">Continuer la lecture de <span class=\"screen-reader-text\">vENDREDI 8  JUiLLET \u00c0 20H30 DIMANCHE 10 JUILLET \u00c0 17H<\/span>  <span class=\"meta-nav\">&rarr;<\/span><\/a><\/p>\n","protected":false},"author":22,"featured_media":9233,"comment_status":"open","ping_status":"open","sticky":false,"template":"","format":"standard","meta":[],"categories":[85,71,86],"tags":[],"_links":{"self":[{"href":"https:\/\/www.mouthiers-sur-boeme.fr\/index.php?rest_route=\/wp\/v2\/posts\/9187"}],"collection":[{"href":"https:\/\/www.mouthiers-sur-boeme.fr\/index.php?rest_route=\/wp\/v2\/posts"}],"about":[{"href":"https:\/\/www.mouthiers-sur-boeme.fr\/index.php?rest_route=\/wp\/v2\/types\/post"}],"author":[{"embeddable":true,"href":"https:\/\/www.mouthiers-sur-boeme.fr\/index.php?rest_route=\/wp\/v2\/users\/22"}],"replies":[{"embeddable":true,"href":"https:\/\/www.mouthiers-sur-boeme.fr\/index.php?rest_route=%2Fwp%2Fv2%2Fcomments&post=9187"}],"version-history":[{"count":8,"href":"https:\/\/www.mouthiers-sur-boeme.fr\/index.php?rest_route=\/wp\/v2\/posts\/9187\/revisions"}],"predecessor-version":[{"id":9241,"href":"https:\/\/www.mouthiers-sur-boeme.fr\/index.php?rest_route=\/wp\/v2\/posts\/9187\/revisions\/9241"}],"wp:featuredmedia":[{"embeddable":true,"href":"https:\/\/www.mouthiers-sur-boeme.fr\/index.php?rest_route=\/wp\/v2\/media\/9233"}],"wp:attachment":[{"href":"https:\/\/www.mouthiers-sur-boeme.fr\/index.php?rest_route=%2Fwp%2Fv2%2Fmedia&parent=9187"}],"wp:term":[{"taxonomy":"category","embeddable":true,"href":"https:\/\/www.mouthiers-sur-boeme.fr\/index.php?rest_route=%2Fwp%2Fv2%2Fcategories&post=9187"},{"taxonomy":"post_tag","embeddable":true,"href":"https:\/\/www.mouthiers-sur-boeme.fr\/index.php?rest_route=%2Fwp%2Fv2%2Ftags&post=9187"}],"curies":[{"name":"wp","href":"https:\/\/api.w.org\/{rel}","templated":true}]}}