{"id":9223,"date":"2022-06-27T05:30:14","date_gmt":"2022-06-27T04:30:14","guid":{"rendered":"https:\/\/www.mouthiers-sur-boeme.fr\/?p=9223"},"modified":"2022-08-25T07:38:24","modified_gmt":"2022-08-25T06:38:24","slug":"juillet-a-la-mediatheque","status":"publish","type":"post","link":"https:\/\/www.mouthiers-sur-boeme.fr\/?p=9223","title":{"rendered":"Juillet \u00e0 la m\u00e9diath\u00e8que"},"content":{"rendered":"\n<p><\/p>\n\n\n\n<figure class=\"wp-block-image size-large\"><a href=\"https:\/\/www.mouthiers-sur-boeme.fr\/wp-content\/uploads\/2022\/06\/ddddd.png\"><img loading=\"lazy\" width=\"612\" height=\"408\" src=\"https:\/\/www.mouthiers-sur-boeme.fr\/wp-content\/uploads\/2022\/06\/ddddd.png\" alt=\"\" class=\"wp-image-9227\" srcset=\"https:\/\/www.mouthiers-sur-boeme.fr\/wp-content\/uploads\/2022\/06\/ddddd.png 612w, https:\/\/www.mouthiers-sur-boeme.fr\/wp-content\/uploads\/2022\/06\/ddddd-300x200.png 300w\" sizes=\"(max-width: 612px) 100vw, 612px\" \/><\/a><\/figure>\n\n\n\n<p>Les ateliers de l&rsquo;\u00e9t\u00e9 \u00e0 la m\u00e9diath\u00e8que.  2 dates \u00e0 retenir pour le mois de juillet : <\/p>\n\n\n\n<p>Mardi 12 juillet \u00e0 10 heures : Atelier street art sur le parvis de la m\u00e9diath\u00e8que<\/p>\n\n\n\n<p>Jeudi 21 juillet \u00e0 10 heures : Cr\u00e9ation d&rsquo;un herbier g\u00e9ant.<\/p>\n\n\n\n<p>Ces ateliers sont ouverts \u00e0 tous \u00e0 partir de 3 ans et sont gratuits. R\u00e9servation au 05.45.67.89.47. Bel \u00e9t\u00e9 \u00e0 tous.<\/p>\n\n\n\n<p><a href=\"https:\/\/www.lalpha.org\/les-mediatheques-du-reseau\" data-type=\"URL\" data-id=\"https:\/\/www.lalpha.org\/les-mediatheques-du-reseau\">Le r\u00e9seau des m\u00e9diath\u00e8ques <\/a><\/p>\n","protected":false},"excerpt":{"rendered":"<p>Les ateliers de l&rsquo;\u00e9t\u00e9 \u00e0 la m\u00e9diath\u00e8que. 2 dates \u00e0 retenir pour le mois de juillet : Mardi 12 juillet \u00e0 10 heures : Atelier street art sur le parvis de la m\u00e9diath\u00e8que Jeudi 21 juillet \u00e0 10 heures : Cr\u00e9ation d&rsquo;un herbier g\u00e9ant. Ces ateliers sont ouverts \u00e0 tous \u00e0 partir de 3 ans &hellip; <a href=\"https:\/\/www.mouthiers-sur-boeme.fr\/?p=9223\" class=\"more-link\">Continuer la lecture de <span class=\"screen-reader-text\">Juillet \u00e0 la m\u00e9diath\u00e8que<\/span>  <span class=\"meta-nav\">&rarr;<\/span><\/a><\/p>\n","protected":false},"author":22,"featured_media":8017,"comment_status":"open","ping_status":"open","sticky":false,"template":"","format":"standard","meta":[],"categories":[20],"tags":[],"_links":{"self":[{"href":"https:\/\/www.mouthiers-sur-boeme.fr\/index.php?rest_route=\/wp\/v2\/posts\/9223"}],"collection":[{"href":"https:\/\/www.mouthiers-sur-boeme.fr\/index.php?rest_route=\/wp\/v2\/posts"}],"about":[{"href":"https:\/\/www.mouthiers-sur-boeme.fr\/index.php?rest_route=\/wp\/v2\/types\/post"}],"author":[{"embeddable":true,"href":"https:\/\/www.mouthiers-sur-boeme.fr\/index.php?rest_route=\/wp\/v2\/users\/22"}],"replies":[{"embeddable":true,"href":"https:\/\/www.mouthiers-sur-boeme.fr\/index.php?rest_route=%2Fwp%2Fv2%2Fcomments&post=9223"}],"version-history":[{"count":3,"href":"https:\/\/www.mouthiers-sur-boeme.fr\/index.php?rest_route=\/wp\/v2\/posts\/9223\/revisions"}],"predecessor-version":[{"id":9239,"href":"https:\/\/www.mouthiers-sur-boeme.fr\/index.php?rest_route=\/wp\/v2\/posts\/9223\/revisions\/9239"}],"wp:featuredmedia":[{"embeddable":true,"href":"https:\/\/www.mouthiers-sur-boeme.fr\/index.php?rest_route=\/wp\/v2\/media\/8017"}],"wp:attachment":[{"href":"https:\/\/www.mouthiers-sur-boeme.fr\/index.php?rest_route=%2Fwp%2Fv2%2Fmedia&parent=9223"}],"wp:term":[{"taxonomy":"category","embeddable":true,"href":"https:\/\/www.mouthiers-sur-boeme.fr\/index.php?rest_route=%2Fwp%2Fv2%2Fcategories&post=9223"},{"taxonomy":"post_tag","embeddable":true,"href":"https:\/\/www.mouthiers-sur-boeme.fr\/index.php?rest_route=%2Fwp%2Fv2%2Ftags&post=9223"}],"curies":[{"name":"wp","href":"https:\/\/api.w.org\/{rel}","templated":true}]}}