{"id":9260,"date":"2022-08-25T08:09:25","date_gmt":"2022-08-25T07:09:25","guid":{"rendered":"https:\/\/www.mouthiers-sur-boeme.fr\/?p=9260"},"modified":"2022-10-26T09:04:31","modified_gmt":"2022-10-26T08:04:31","slug":"9260","status":"publish","type":"post","link":"https:\/\/www.mouthiers-sur-boeme.fr\/?p=9260","title":{"rendered":"badminton"},"content":{"rendered":"\n<h2 class=\"has-text-align-center has-green-color has-text-color has-large-font-size\">S<em>aison 2021-2022<\/em><\/h2>\n\n\n\n<p><\/p>\n\n\n\n<p><em>Les Badistes de la Bo\u00ebme ont cl\u00f4tur\u00e9 leur saison 2021-2022 par l&rsquo;organisation du March\u00e9 de Pays de Mouthiers. L&rsquo;ann\u00e9e sportive a bien \u00e9videmment \u00e9t\u00e9 marqu\u00e9e par la crise sanitaire et une organisation au club perturb\u00e9e, mais qui cependant nous a permis de passer une saison plut\u00f4t riche en \u00e9v\u00e8nements et manifestations.<\/em><\/p>\n\n\n\n<p><em><u><strong>Licenci\u00e9s&nbsp;<\/strong><\/u><\/em><em>: 85 dont 31 jeunes<\/em><\/p>\n\n\n\n<p><em><u><strong>Cr\u00e9neaux :<\/strong><\/u><\/em><em>&nbsp;les mardis, jeudis et vendredis<\/em><\/p>\n\n\n\n<p><em><u><strong>Les \u00e9v\u00e8nements marquants de l&rsquo;ann\u00e9e :<\/strong><\/u> <\/em><em>initiation \u00e0 la pratique du badminton avec l&rsquo;\u00e9cole de Mouthiers sur un cycle de 6 s\u00e9ances (CM1\/CM2), l&rsquo;Et\u00e9 Actif, les stages jeunes, les IFB de Paris, le Forum des sports, les animations \u00e0 IME Sireuil, le march\u00e9 de Pays,&nbsp;le championnat d\u00e9partemental et r\u00e9gional,&nbsp;les tournois externes,&nbsp;les soir\u00e9es de No\u00ebl et de la Saint Patrick.<\/em><\/p>\n\n\n\n<p><em>Lors de cette saison, un gros travail a \u00e9t\u00e9 fourni niveau&nbsp;<\/em><em><strong>informatique&nbsp;<\/strong><\/em><em>avec la mise en place de&nbsp;<\/em><em><strong>licences en ligne<\/strong><\/em><em>, ce qui est un gain de temps consid\u00e9rable pour les membres de l&rsquo;association. Notre site internet s&rsquo;est \u00e9galement d\u00e9velopp\u00e9, ainsi que notre page Facebook \u00ab&nbsp;les badistes de la bo\u00ebme&nbsp;\u00bb.&nbsp;<\/em><\/p>\n\n\n\n<p><em><strong>L&rsquo;\u00e9cole de Badminton<\/strong><\/em><em>&nbsp;du jeudi a \u00e9t\u00e9 consid\u00e9rablement renforc\u00e9e avec&nbsp;<\/em><em><u>4 animateurs b\u00e9n\u00e9voles<\/u><\/em><em>&nbsp;: plus de jeunes sont venus aux cours, notamment gr\u00e2ce au bouche \u00e0 oreilles et le programme sportif de l&rsquo;\u00e9cole primaire de Mouthiers. La saison prochaine, nous allons r\u00e9fl\u00e9chir \u00e0 un mode de fonctionnement afin de pouvoir accueillir plus de jeunes sur l&rsquo;ensemble des terrains.&nbsp;<\/em><\/p>\n\n\n\n<p><em><strong>L&rsquo;entrainement sp\u00e9cifique<\/strong><\/em><em>&nbsp;pour adultes du mardi a lui aussi bien fonctionn\u00e9. Plusieurs ajustements dans la saison ont \u00e9t\u00e9 r\u00e9alis\u00e9s afin de varier les exercices et toucher plus de joueurs. Globalement, les joueurs ont \u00e9t\u00e9 motiv\u00e9s et satisfaits (tout comme l&rsquo;entraineur, qui a fait \u00e7a b\u00e9n\u00e9volement lui aussi).&nbsp;<\/em><\/p>\n\n\n\n<p><em><strong>Les deux commissions<\/strong><\/em><em>&nbsp;du club ont aussi bien travaill\u00e9 lors de la saison :&nbsp;<\/em><em><u>la commission \u00ab\u00a0jeux f\u00eates et match\u00a0\u00bb<\/u><\/em><em>&nbsp;a d\u00fb se battre&nbsp;<\/em><em>face aux contraintes sanitaires et a r\u00e9ussi \u00e0&nbsp;<\/em><em>organiser 2 \u00e9v\u00e8nements (No\u00ebl, Saint Patrick).&nbsp;<\/em><em><u>La commission \u00ab\u00a0Mat\u00e9riel\u00a0\u00bb<\/u><\/em><em>&nbsp;a aussi affronter la crise et le manque d&rsquo;approvisionnement en volants de Badminton, situation qui devrait s&rsquo;arranger la saison prochaine.<\/em><\/p>\n\n\n\n<p><em><strong>En championnat<\/strong><\/em><em>, toutes les \u00e9quipes se maintiennent dans leur division (R3, D1, D2 et D3). M\u00eame si les r\u00e9sultats sportifs ne sont pas extraordinaires, la saison a permis de se retrouver sur les terrains, ce qui nous manquait \u00e0 tous (et m\u00eame avec les clubs voisins). L&rsquo;esprit d&rsquo;\u00e9quipe et la bonne ambiance se sont donc retrouv\u00e9s.&nbsp;<\/em><em><strong>En individuel<\/strong><\/em><em>, quelques podiums et victoires ont \u00e9t\u00e9 rafl\u00e9s (X\u00e9nia, Emilie, C\u00e9lia, Audrey, Fran\u00e7ois, Jules, Emmanuelle, R\u00e9mi, J\u00e9r\u00f4me P, J\u00e9r\u00f4me D, Maxime, Lucie, J\u00e9zabel, Alison, Thibaud, Vincent, Maxence, M\u00e9lissa) sans oublier nos jeunes Ez\u00e9quiel, Ga\u00efa et Thomas (champions d\u00e9partementaux)<\/em><\/p>\n\n\n\n<p class=\"has-text-color has-large-font-size\" style=\"color:#1699d1\"><em><u><strong>Perspectives 2022-23 :<\/strong><\/u><\/em><\/p>\n\n\n\n<ul style=\"font-size:17px\"><li><strong><em>Am\u00e9nagement et r\u00e9flexion autour de l&rsquo;\u00e9cole de Jeunes<\/em><\/strong><\/li><li><strong><em>Renouvellement du cycle de badminton avec les CM1 CM2 de l&rsquo;\u00e9cole de Mouthiers \u00e0 la toussaint<\/em><\/strong><\/li><li><strong><em>Stages d\u00e9partementaux jeunes et adultes<\/em><\/strong><\/li><li><strong><em>Poursuite du sp\u00e9cifique le mardi<\/em><\/strong><\/li><li><strong><em>Comp\u00e9tition f\u00e9d\u00e9rale \u00e0 Mouthiers le&nbsp;<u>19\/20 Novembre (Double et Mixte)<\/u><\/em><\/strong><\/li><li><strong><em>Renforcement des \u00e9quipes de championnat<\/em><\/strong><\/li><li><strong><em>Formation des b\u00e9n\u00e9voles (Juge arbitrage)<\/em><\/strong><\/li><li><strong><em>R\u00e9daction du projet associatif pour recherches de subventions<\/em><\/strong><\/li><li><strong><em>Travail de fond sur la r\u00e9fection du gymnase dans le cas d&rsquo;organisation de tournois officiels (trac\u00e9 des terrains non conforme)<\/em><\/strong><\/li><li><strong><em>\u00c9v\u00e8nements d&rsquo;int\u00e9gration et animations afin d&rsquo;accueillir les nouveaux licenci\u00e9s<\/em><\/strong><\/li><\/ul>\n","protected":false},"excerpt":{"rendered":"<p>Saison 2021-2022 Les Badistes de la Bo\u00ebme ont cl\u00f4tur\u00e9 leur saison 2021-2022 par l&rsquo;organisation du March\u00e9 de Pays de Mouthiers. L&rsquo;ann\u00e9e sportive a bien \u00e9videmment \u00e9t\u00e9 marqu\u00e9e par la crise sanitaire et une organisation au club perturb\u00e9e, mais qui cependant nous a permis de passer une saison plut\u00f4t riche en \u00e9v\u00e8nements et manifestations. Licenci\u00e9s&nbsp;: 85 &hellip; <a href=\"https:\/\/www.mouthiers-sur-boeme.fr\/?p=9260\" class=\"more-link\">Continuer la lecture de <span class=\"screen-reader-text\">badminton<\/span>  <span class=\"meta-nav\">&rarr;<\/span><\/a><\/p>\n","protected":false},"author":22,"featured_media":9265,"comment_status":"open","ping_status":"open","sticky":false,"template":"","format":"standard","meta":[],"categories":[7],"tags":[],"_links":{"self":[{"href":"https:\/\/www.mouthiers-sur-boeme.fr\/index.php?rest_route=\/wp\/v2\/posts\/9260"}],"collection":[{"href":"https:\/\/www.mouthiers-sur-boeme.fr\/index.php?rest_route=\/wp\/v2\/posts"}],"about":[{"href":"https:\/\/www.mouthiers-sur-boeme.fr\/index.php?rest_route=\/wp\/v2\/types\/post"}],"author":[{"embeddable":true,"href":"https:\/\/www.mouthiers-sur-boeme.fr\/index.php?rest_route=\/wp\/v2\/users\/22"}],"replies":[{"embeddable":true,"href":"https:\/\/www.mouthiers-sur-boeme.fr\/index.php?rest_route=%2Fwp%2Fv2%2Fcomments&post=9260"}],"version-history":[{"count":2,"href":"https:\/\/www.mouthiers-sur-boeme.fr\/index.php?rest_route=\/wp\/v2\/posts\/9260\/revisions"}],"predecessor-version":[{"id":9262,"href":"https:\/\/www.mouthiers-sur-boeme.fr\/index.php?rest_route=\/wp\/v2\/posts\/9260\/revisions\/9262"}],"wp:featuredmedia":[{"embeddable":true,"href":"https:\/\/www.mouthiers-sur-boeme.fr\/index.php?rest_route=\/wp\/v2\/media\/9265"}],"wp:attachment":[{"href":"https:\/\/www.mouthiers-sur-boeme.fr\/index.php?rest_route=%2Fwp%2Fv2%2Fmedia&parent=9260"}],"wp:term":[{"taxonomy":"category","embeddable":true,"href":"https:\/\/www.mouthiers-sur-boeme.fr\/index.php?rest_route=%2Fwp%2Fv2%2Fcategories&post=9260"},{"taxonomy":"post_tag","embeddable":true,"href":"https:\/\/www.mouthiers-sur-boeme.fr\/index.php?rest_route=%2Fwp%2Fv2%2Ftags&post=9260"}],"curies":[{"name":"wp","href":"https:\/\/api.w.org\/{rel}","templated":true}]}}