{"id":9269,"date":"2022-08-25T08:22:36","date_gmt":"2022-08-25T07:22:36","guid":{"rendered":"https:\/\/www.mouthiers-sur-boeme.fr\/?p=9269"},"modified":"2022-10-23T09:13:24","modified_gmt":"2022-10-23T08:13:24","slug":"s-c-mouthiers-football","status":"publish","type":"post","link":"https:\/\/www.mouthiers-sur-boeme.fr\/?p=9269","title":{"rendered":"S. C. MOUTHIERS FOOTBALL"},"content":{"rendered":"\n<p><strong>S. C. MOUTHIERS FOOTBALL<\/strong><\/p>\n\n\n\n<p>La saison 2022\/2023 a red\u00e9marr\u00e9 le lundi 1<sup>er<\/sup> ao\u00fbt .<\/p>\n\n\n\n<p>Le SCM repart avec 3 \u00e9quipes seniors, Fr\u00e9d\u00e9rik CLEMENT reste l\u2019entraineur principal du club.<\/p>\n\n\n\n<p>Il est second\u00e9 par Philippe MIMEAU pour l\u2019\u00e9quipe A.<\/p>\n\n\n\n<p>L\u2019\u00e9quipe B est coach\u00e9 par Christian MERON, second\u00e9 par Jacky BOISSON.<\/p>\n\n\n\n<p>L\u2019\u00e9quipe C est coach\u00e9 par Dany DO COUTO, C\u00e9dric DUBUISSON et Pierre DESVAGES.<\/p>\n\n\n\n<p><strong>Ecole de foot&nbsp;:<\/strong><\/p>\n\n\n\n<p>Les entrainements reprennent le 31 ao\u00fbt comme suit&nbsp;:<\/p>\n\n\n\n<p>Les U6 \u00e0 U9&nbsp;: les mercredis de 14h30 \u00e0 16h.<\/p>\n\n\n\n<p>Les U11&nbsp;: les mercredis de 14h30 \u00e0 16h30.<\/p>\n\n\n\n<p>Les U13&nbsp;: les mercredis de 16h30 \u00e0 18h \u00e0 Mouthiers.<\/p>\n\n\n\n<p>Les vendredis de 17h30 \u00e0 19h \u00e0 Mouthiers.<\/p>\n\n\n\n<p>Pour tout renseignements compl\u00e9mentaires, vous pouvez contacter&nbsp;:<\/p>\n\n\n\n<p>J\u00e9r\u00f4me RICHARD (pr\u00e9sident de l\u2019\u00e9cole de foot) au 06.47.27.38.63.<\/p>\n\n\n\n<p>Pierre DESVAGES (pr\u00e9sident du SCM) au 06.08.48.72.16.<\/p>\n\n\n\n<p>Didier CHARRIER (vice-pr\u00e9sident) au 06.88.11.52.57.<\/p>\n\n\n\n<p>BONNE SAISON A TOUS&nbsp;!!!<\/p>\n","protected":false},"excerpt":{"rendered":"<p>S. C. MOUTHIERS FOOTBALL La saison 2022\/2023 a red\u00e9marr\u00e9 le lundi 1er ao\u00fbt . Le SCM repart avec 3 \u00e9quipes seniors, Fr\u00e9d\u00e9rik CLEMENT reste l\u2019entraineur principal du club. Il est second\u00e9 par Philippe MIMEAU pour l\u2019\u00e9quipe A. L\u2019\u00e9quipe B est coach\u00e9 par Christian MERON, second\u00e9 par Jacky BOISSON. L\u2019\u00e9quipe C est coach\u00e9 par Dany DO &hellip; <a href=\"https:\/\/www.mouthiers-sur-boeme.fr\/?p=9269\" class=\"more-link\">Continuer la lecture de <span class=\"screen-reader-text\">S. C. MOUTHIERS FOOTBALL<\/span>  <span class=\"meta-nav\">&rarr;<\/span><\/a><\/p>\n","protected":false},"author":22,"featured_media":9271,"comment_status":"open","ping_status":"open","sticky":false,"template":"","format":"standard","meta":[],"categories":[7],"tags":[],"_links":{"self":[{"href":"https:\/\/www.mouthiers-sur-boeme.fr\/index.php?rest_route=\/wp\/v2\/posts\/9269"}],"collection":[{"href":"https:\/\/www.mouthiers-sur-boeme.fr\/index.php?rest_route=\/wp\/v2\/posts"}],"about":[{"href":"https:\/\/www.mouthiers-sur-boeme.fr\/index.php?rest_route=\/wp\/v2\/types\/post"}],"author":[{"embeddable":true,"href":"https:\/\/www.mouthiers-sur-boeme.fr\/index.php?rest_route=\/wp\/v2\/users\/22"}],"replies":[{"embeddable":true,"href":"https:\/\/www.mouthiers-sur-boeme.fr\/index.php?rest_route=%2Fwp%2Fv2%2Fcomments&post=9269"}],"version-history":[{"count":1,"href":"https:\/\/www.mouthiers-sur-boeme.fr\/index.php?rest_route=\/wp\/v2\/posts\/9269\/revisions"}],"predecessor-version":[{"id":9270,"href":"https:\/\/www.mouthiers-sur-boeme.fr\/index.php?rest_route=\/wp\/v2\/posts\/9269\/revisions\/9270"}],"wp:featuredmedia":[{"embeddable":true,"href":"https:\/\/www.mouthiers-sur-boeme.fr\/index.php?rest_route=\/wp\/v2\/media\/9271"}],"wp:attachment":[{"href":"https:\/\/www.mouthiers-sur-boeme.fr\/index.php?rest_route=%2Fwp%2Fv2%2Fmedia&parent=9269"}],"wp:term":[{"taxonomy":"category","embeddable":true,"href":"https:\/\/www.mouthiers-sur-boeme.fr\/index.php?rest_route=%2Fwp%2Fv2%2Fcategories&post=9269"},{"taxonomy":"post_tag","embeddable":true,"href":"https:\/\/www.mouthiers-sur-boeme.fr\/index.php?rest_route=%2Fwp%2Fv2%2Ftags&post=9269"}],"curies":[{"name":"wp","href":"https:\/\/api.w.org\/{rel}","templated":true}]}}